[{"@context":"https:\/\/schema.org\/","@type":"BlogPosting","@id":"https:\/\/www.canariasconfidencial.com\/gran-canaria\/el-cabildo-invita-a-recorrer-mas-de-un-siglo-de-historia-del-turismo-en-gran-canaria-a-traves-de-la-optica-fotografica\/#BlogPosting","mainEntityOfPage":"https:\/\/www.canariasconfidencial.com\/gran-canaria\/el-cabildo-invita-a-recorrer-mas-de-un-siglo-de-historia-del-turismo-en-gran-canaria-a-traves-de-la-optica-fotografica\/","headline":"El Cabildo invita a recorrer m\u00e1s de un siglo de historia del turismo en Gran canaria a trav\u00e9s de la \u00f3ptica fotogr\u00e1fica","name":"El Cabildo invita a recorrer m\u00e1s de un siglo de historia del turismo en Gran canaria a trav\u00e9s de la \u00f3ptica fotogr\u00e1fica","description":"El Cabildo de Gran Canaria invita a recorrer 125 a&ntilde;os de historia del turismo en la Isla a trav&eacute;s de la &oacute;ptica fotogr&aacute;fica en las III Jornadas de Fotograf&iacute;a Hist&oacute;rica de Canarias que abordar&aacute; tambi&eacute;n el papel que jug&oacute; la fotograf&iacute;a en la construcci&oacute;n de la identidad grancanaria. As&iacute;, la Casa de Col&oacute;n acoge una [&hellip;]","datePublished":"2016-04-29","dateModified":"2016-04-29","author":{"@type":"Person","@id":"https:\/\/www.canariasconfidencial.com\/author\/admin\/#Person","name":"Canarias Confidencial","url":"https:\/\/www.canariasconfidencial.com\/author\/admin\/","image":{"@type":"ImageObject","@id":"https:\/\/secure.gravatar.com\/avatar\/44ad1b7f51be99230dbaef835819598e?s=96&d=mm&r=g","url":"https:\/\/secure.gravatar.com\/avatar\/44ad1b7f51be99230dbaef835819598e?s=96&d=mm&r=g","height":96,"width":96}},"publisher":{"@type":"Organization","name":"Canarias Confidencial","logo":{"@type":"ImageObject","@id":"https:\/\/www.canariasconfidencial.com\/wp-content\/uploads\/2018\/07\/Canarias-Confidencial-1.png","url":"https:\/\/www.canariasconfidencial.com\/wp-content\/uploads\/2018\/07\/Canarias-Confidencial-1.png","width":600,"height":100}},"image":{"@type":"ImageObject","@id":"http:\/\/www.ucarecdn.com\/3b89b36c-24c4-4208-bcb5-845982478630\/-\/preview\/","url":"http:\/\/www.ucarecdn.com\/3b89b36c-24c4-4208-bcb5-845982478630\/-\/preview\/","height":"","width":""},"url":"https:\/\/www.canariasconfidencial.com\/gran-canaria\/el-cabildo-invita-a-recorrer-mas-de-un-siglo-de-historia-del-turismo-en-gran-canaria-a-traves-de-la-optica-fotografica\/","about":["Gran Canaria"],"wordCount":783},{"@context":"https:\/\/schema.org\/","@type":"BreadcrumbList","itemListElement":[{"@type":"ListItem","position":1,"name":"Gran Canaria","item":"https:\/\/www.canariasconfidencial.com\/gran-canaria\/#breadcrumbitem"},{"@type":"ListItem","position":2,"name":"El Cabildo invita a recorrer m\u00e1s de un siglo de historia del turismo en Gran canaria a trav\u00e9s de la \u00f3ptica fotogr\u00e1fica","item":"https:\/\/www.canariasconfidencial.com\/gran-canaria\/el-cabildo-invita-a-recorrer-mas-de-un-siglo-de-historia-del-turismo-en-gran-canaria-a-traves-de-la-optica-fotografica\/#breadcrumbitem"}]}]