[{"@context":"https:\/\/schema.org\/","@type":"BlogPosting","@id":"https:\/\/www.canariasconfidencial.com\/gran-canaria\/el-cuyas-vendio-mas-de-200-abonos-en-sus-primeras-seis-horas-de-campana\/#BlogPosting","mainEntityOfPage":"https:\/\/www.canariasconfidencial.com\/gran-canaria\/el-cuyas-vendio-mas-de-200-abonos-en-sus-primeras-seis-horas-de-campana\/","headline":"El Cuy\u00e1s vendi\u00f3 m\u00e1s de 200 abonos en sus primeras seis horas de campa\u00f1a","name":"El Cuy\u00e1s vendi\u00f3 m\u00e1s de 200 abonos en sus primeras seis horas de campa\u00f1a","description":"&nbsp; Estaba previsto que ese d&iacute;a la venta se efectuara entre las 10.00 y las 13.30 horas, pero la gran afluencia de usuarios oblig&oacute; a ampliar en dos horas el horario de atenci&oacute;n al p&uacute;blico. Antes de que abriera el recinto a las 08.00 de la ma&ntilde;ana incluso se registraron algunas colas para coger los [&hellip;]","datePublished":"2016-07-04","dateModified":"2016-07-04","author":{"@type":"Person","@id":"https:\/\/www.canariasconfidencial.com\/author\/admin\/#Person","name":"Canarias Confidencial","url":"https:\/\/www.canariasconfidencial.com\/author\/admin\/","image":{"@type":"ImageObject","@id":"https:\/\/secure.gravatar.com\/avatar\/44ad1b7f51be99230dbaef835819598e?s=96&d=mm&r=g","url":"https:\/\/secure.gravatar.com\/avatar\/44ad1b7f51be99230dbaef835819598e?s=96&d=mm&r=g","height":96,"width":96}},"publisher":{"@type":"Organization","name":"Canarias Confidencial","logo":{"@type":"ImageObject","@id":"https:\/\/www.canariasconfidencial.com\/wp-content\/uploads\/2018\/07\/Canarias-Confidencial-1.png","url":"https:\/\/www.canariasconfidencial.com\/wp-content\/uploads\/2018\/07\/Canarias-Confidencial-1.png","width":600,"height":100}},"image":{"@type":"ImageObject","@id":"http:\/\/www.ucarecdn.com\/e1cc70ab-2d38-4597-b69c-3cffdc70a3a2\/-\/crop\/547x439\/0,0\/-\/preview\/","url":"http:\/\/www.ucarecdn.com\/e1cc70ab-2d38-4597-b69c-3cffdc70a3a2\/-\/crop\/547x439\/0,0\/-\/preview\/","height":"","width":""},"url":"https:\/\/www.canariasconfidencial.com\/gran-canaria\/el-cuyas-vendio-mas-de-200-abonos-en-sus-primeras-seis-horas-de-campana\/","about":["Gran Canaria"],"wordCount":560},{"@context":"https:\/\/schema.org\/","@type":"BreadcrumbList","itemListElement":[{"@type":"ListItem","position":1,"name":"Gran Canaria","item":"https:\/\/www.canariasconfidencial.com\/gran-canaria\/#breadcrumbitem"},{"@type":"ListItem","position":2,"name":"El Cuy\u00e1s vendi\u00f3 m\u00e1s de 200 abonos en sus primeras seis horas de campa\u00f1a","item":"https:\/\/www.canariasconfidencial.com\/gran-canaria\/el-cuyas-vendio-mas-de-200-abonos-en-sus-primeras-seis-horas-de-campana\/#breadcrumbitem"}]}]