[{"@context":"https:\/\/schema.org\/","@type":"BlogPosting","@id":"https:\/\/www.canariasconfidencial.com\/gran-canaria\/el-director-general-de-deportes-visito-la-zona-deportiva-de-teror-y-al-club-los-alamos-el-pino\/#BlogPosting","mainEntityOfPage":"https:\/\/www.canariasconfidencial.com\/gran-canaria\/el-director-general-de-deportes-visito-la-zona-deportiva-de-teror-y-al-club-los-alamos-el-pino\/","headline":"El director general de Deportes visit\u00f3 la Zona Deportiva de Teror y al Club Los \u00c1lamos-El Pino","name":"El director general de Deportes visit\u00f3 la Zona Deportiva de Teror y al Club Los \u00c1lamos-El Pino","description":"&nbsp; &nbsp; El director general de Deportes del Gobierno de Canarias, Jos&eacute; Francisco P&eacute;rez Mart&iacute;n, visit&oacute; el pasado mi&eacute;rcoles 10 de febrero las instalaciones de la Zona Deportiva de Teror y mantuvo un encuentro con el Club Deportivo Los &Aacute;lamos El Pino Aguas de Teror. La alcaldesa de Teror, Isabel Guerra, acompa&ntilde;ada del concejal de [&hellip;]","datePublished":"2016-02-12","dateModified":"2016-02-12","author":{"@type":"Person","@id":"https:\/\/www.canariasconfidencial.com\/author\/admin\/#Person","name":"Canarias Confidencial","url":"https:\/\/www.canariasconfidencial.com\/author\/admin\/","image":{"@type":"ImageObject","@id":"https:\/\/secure.gravatar.com\/avatar\/44ad1b7f51be99230dbaef835819598e?s=96&d=mm&r=g","url":"https:\/\/secure.gravatar.com\/avatar\/44ad1b7f51be99230dbaef835819598e?s=96&d=mm&r=g","height":96,"width":96}},"publisher":{"@type":"Organization","name":"Canarias Confidencial","logo":{"@type":"ImageObject","@id":"https:\/\/www.canariasconfidencial.com\/wp-content\/uploads\/2018\/07\/Canarias-Confidencial-1.png","url":"https:\/\/www.canariasconfidencial.com\/wp-content\/uploads\/2018\/07\/Canarias-Confidencial-1.png","width":600,"height":100}},"image":{"@type":"ImageObject","@id":"http:\/\/www.ucarecdn.com\/041b952f-2f72-41c4-ba7d-dbbedddd997d\/-\/preview\/","url":"http:\/\/www.ucarecdn.com\/041b952f-2f72-41c4-ba7d-dbbedddd997d\/-\/preview\/","height":"","width":""},"url":"https:\/\/www.canariasconfidencial.com\/gran-canaria\/el-director-general-de-deportes-visito-la-zona-deportiva-de-teror-y-al-club-los-alamos-el-pino\/","about":["Gran Canaria"],"wordCount":173},{"@context":"https:\/\/schema.org\/","@type":"BreadcrumbList","itemListElement":[{"@type":"ListItem","position":1,"name":"Gran Canaria","item":"https:\/\/www.canariasconfidencial.com\/gran-canaria\/#breadcrumbitem"},{"@type":"ListItem","position":2,"name":"El director general de Deportes visit\u00f3 la Zona Deportiva de Teror y al Club Los \u00c1lamos-El Pino","item":"https:\/\/www.canariasconfidencial.com\/gran-canaria\/el-director-general-de-deportes-visito-la-zona-deportiva-de-teror-y-al-club-los-alamos-el-pino\/#breadcrumbitem"}]}]