[{"@context":"https:\/\/schema.org\/","@type":"BlogPosting","@id":"https:\/\/www.canariasconfidencial.com\/gran-canaria\/el-exrojinegro-seth-ficha-en-el-filial-del-cadiz-cf\/#BlogPosting","mainEntityOfPage":"https:\/\/www.canariasconfidencial.com\/gran-canaria\/el-exrojinegro-seth-ficha-en-el-filial-del-cadiz-cf\/","headline":"El exrojinegro Seth ficha en el filial del C\u00e1diz CF","name":"El exrojinegro Seth ficha en el filial del C\u00e1diz CF","description":"Related posts:ABIERTA INSCRIPCI\u00d3N PARA LA NUEVA RUTA DEL PROGRAMA DE SENDERISMO MUNICIPAL \u201cGU\u00cdA POR LOS SENDEROS D...La UD pone al Bar\u00e7a contra las cuerdas (1-2)Carlos Ruiz: \"El CAAM tiene que recuperar su tricontinentalidad\"","datePublished":"2017-04-17","dateModified":"2017-04-17","author":{"@type":"Person","@id":"https:\/\/www.canariasconfidencial.com\/author\/admin\/#Person","name":"Canarias Confidencial","url":"https:\/\/www.canariasconfidencial.com\/author\/admin\/","image":{"@type":"ImageObject","@id":"https:\/\/secure.gravatar.com\/avatar\/44ad1b7f51be99230dbaef835819598e?s=96&d=mm&r=g","url":"https:\/\/secure.gravatar.com\/avatar\/44ad1b7f51be99230dbaef835819598e?s=96&d=mm&r=g","height":96,"width":96}},"publisher":{"@type":"Organization","name":"Canarias Confidencial","logo":{"@type":"ImageObject","@id":"https:\/\/www.canariasconfidencial.com\/wp-content\/uploads\/2018\/07\/Canarias-Confidencial-1.png","url":"https:\/\/www.canariasconfidencial.com\/wp-content\/uploads\/2018\/07\/Canarias-Confidencial-1.png","width":600,"height":100}},"image":{"@type":"ImageObject","@id":"http:\/\/www.infonortedigital.com\/portada\/images\/noticias\/Futbol_2014-15\/Temp1617\/seth_cadiz.jpeg","url":"http:\/\/www.infonortedigital.com\/portada\/images\/noticias\/Futbol_2014-15\/Temp1617\/seth_cadiz.jpeg","height":"","width":""},"url":"https:\/\/www.canariasconfidencial.com\/gran-canaria\/el-exrojinegro-seth-ficha-en-el-filial-del-cadiz-cf\/","about":["Gran Canaria"],"wordCount":39},{"@context":"https:\/\/schema.org\/","@type":"BreadcrumbList","itemListElement":[{"@type":"ListItem","position":1,"name":"Gran Canaria","item":"https:\/\/www.canariasconfidencial.com\/gran-canaria\/#breadcrumbitem"},{"@type":"ListItem","position":2,"name":"El exrojinegro Seth ficha en el filial del C\u00e1diz CF","item":"https:\/\/www.canariasconfidencial.com\/gran-canaria\/el-exrojinegro-seth-ficha-en-el-filial-del-cadiz-cf\/#breadcrumbitem"}]}]