[{"@context":"https:\/\/schema.org\/","@type":"BlogPosting","@id":"https:\/\/www.canariasconfidencial.com\/gran-canaria\/el-presidente-de-la-federacion-espanola-de-artes-marciales-visita-galdar\/#BlogPosting","mainEntityOfPage":"https:\/\/www.canariasconfidencial.com\/gran-canaria\/el-presidente-de-la-federacion-espanola-de-artes-marciales-visita-galdar\/","headline":"El Presidente de la Federaci\u00f3n Espa\u00f1ola de Artes Marciales visita G\u00e1ldar","name":"El Presidente de la Federaci\u00f3n Espa\u00f1ola de Artes Marciales visita G\u00e1ldar","description":"El 23 de abril el Maestro D. F&eacute;lix Serrano, Maestro de Maestros, Presidente de la Federaci&oacute;n Espa&ntilde;ola de Artes Marciales y Presidente de la Federaci&oacute;n Espa&ntilde;ola de Defensa y Seguridad Profesional visitar&aacute; la ciudad de G&aacute;ldar en la que se&nbsp;impartir&aacute; un seminario de Defensa Personal de aplicaci&oacute;n Marcial y Policial, de 10:00 &nbsp;a 13:00 horas [&hellip;]","datePublished":"2016-04-12","dateModified":"2016-04-12","author":{"@type":"Person","@id":"https:\/\/www.canariasconfidencial.com\/author\/admin\/#Person","name":"Canarias Confidencial","url":"https:\/\/www.canariasconfidencial.com\/author\/admin\/","image":{"@type":"ImageObject","@id":"https:\/\/secure.gravatar.com\/avatar\/44ad1b7f51be99230dbaef835819598e?s=96&d=mm&r=g","url":"https:\/\/secure.gravatar.com\/avatar\/44ad1b7f51be99230dbaef835819598e?s=96&d=mm&r=g","height":96,"width":96}},"publisher":{"@type":"Organization","name":"Canarias Confidencial","logo":{"@type":"ImageObject","@id":"https:\/\/www.canariasconfidencial.com\/wp-content\/uploads\/2018\/07\/Canarias-Confidencial-1.png","url":"https:\/\/www.canariasconfidencial.com\/wp-content\/uploads\/2018\/07\/Canarias-Confidencial-1.png","width":600,"height":100}},"image":{"@type":"ImageObject","@id":"http:\/\/www.infonortedigital.com\/portada\/images\/noticias\/Deportes2015\/Deporte_2016\/DEFENSAPOLICIAL1.jpg","url":"http:\/\/www.infonortedigital.com\/portada\/images\/noticias\/Deportes2015\/Deporte_2016\/DEFENSAPOLICIAL1.jpg","height":"","width":""},"url":"https:\/\/www.canariasconfidencial.com\/gran-canaria\/el-presidente-de-la-federacion-espanola-de-artes-marciales-visita-galdar\/","about":["Gran Canaria"],"wordCount":194},{"@context":"https:\/\/schema.org\/","@type":"BreadcrumbList","itemListElement":[{"@type":"ListItem","position":1,"name":"Gran Canaria","item":"https:\/\/www.canariasconfidencial.com\/gran-canaria\/#breadcrumbitem"},{"@type":"ListItem","position":2,"name":"El Presidente de la Federaci\u00f3n Espa\u00f1ola de Artes Marciales visita G\u00e1ldar","item":"https:\/\/www.canariasconfidencial.com\/gran-canaria\/el-presidente-de-la-federacion-espanola-de-artes-marciales-visita-galdar\/#breadcrumbitem"}]}]