[{"@context":"https:\/\/schema.org\/","@type":"BlogPosting","@id":"https:\/\/www.canariasconfidencial.com\/gran-canaria\/el-puertillo\/#BlogPosting","mainEntityOfPage":"https:\/\/www.canariasconfidencial.com\/gran-canaria\/el-puertillo\/","headline":"&#187;El puertillo&#187;","name":"&#187;El puertillo&#187;","description":"&nbsp; &nbsp; Entrevista a Jacinto Hormiga, uno de los empresarios encargado&nbsp;de promocionar &#39;&#39;El Puertillo&#39;. Jacinto nos hace un peque&ntilde;o inventario de lo que nos podemos encontrar por &#39;&#39;El Puertillo&#39;&#39; &nbsp;y sugiere al Excmo Ayuntamiento de Arucas que realice un mantenimiento diario, tras las fuertes precipitaciones registradas durante estos d&iacute;as, de las obras que se est&aacute;n [&hellip;]","datePublished":"2015-11-04","dateModified":"2015-11-04","author":{"@type":"Person","@id":"https:\/\/www.canariasconfidencial.com\/author\/admin\/#Person","name":"Canarias Confidencial","url":"https:\/\/www.canariasconfidencial.com\/author\/admin\/","image":{"@type":"ImageObject","@id":"https:\/\/secure.gravatar.com\/avatar\/44ad1b7f51be99230dbaef835819598e?s=96&d=mm&r=g","url":"https:\/\/secure.gravatar.com\/avatar\/44ad1b7f51be99230dbaef835819598e?s=96&d=mm&r=g","height":96,"width":96}},"publisher":{"@type":"Organization","name":"Canarias Confidencial","logo":{"@type":"ImageObject","@id":"https:\/\/www.canariasconfidencial.com\/wp-content\/uploads\/2018\/07\/Canarias-Confidencial-1.png","url":"https:\/\/www.canariasconfidencial.com\/wp-content\/uploads\/2018\/07\/Canarias-Confidencial-1.png","width":600,"height":100}},"image":{"@type":"ImageObject","@id":"http:\/\/www.ucarecdn.com\/e5175d7b-e22e-496e-a12a-de52266a504d\/-\/preview\/","url":"http:\/\/www.ucarecdn.com\/e5175d7b-e22e-496e-a12a-de52266a504d\/-\/preview\/","height":"","width":""},"url":"https:\/\/www.canariasconfidencial.com\/gran-canaria\/el-puertillo\/","video":{"@context":"http:\/\/schema.org\/","@type":"VideoObject","@id":"https:\/\/www.youtube.com\/watch?v=1254OEy9CI8#VideoObject","contentUrl":"https:\/\/www.youtube.com\/watch?v=1254OEy9CI8","name":"El Puertillo   Ban\u0303aderos Arucas Gran Canaria","description":"Paseo por la avenidarelizada con piedra de Arucas y piedra p\u00f3rfido (Argentina), que va desde la playa de El Puertillo, con su peque\u00f1a ensenada arenosa, hasta Los Charcones, que dispone de una piscina artificial que aisla al ba\u00f1ista del fuerte oleaje. Esta avenida se convierte, especialmente, al atardecer, en un mirador abierto a este refrescante paisaje costero, donde se asoman misteriosos, el pico de la Monta\u00f1a de G\u00e1ldar y, al fondo, t\u00edmidamente, el Teide.","thumbnailUrl":["https:\/\/i.ytimg.com\/vi\/1254OEy9CI8\/default.jpg","https:\/\/i.ytimg.com\/vi\/1254OEy9CI8\/mqdefault.jpg","https:\/\/i.ytimg.com\/vi\/1254OEy9CI8\/hqdefault.jpg","https:\/\/i.ytimg.com\/vi\/1254OEy9CI8\/sddefault.jpg","https:\/\/i.ytimg.com\/vi\/1254OEy9CI8\/maxresdefault.jpg"],"uploadDate":"2014-06-15T01:33:33+00:00","duration":"PT3M49S","embedUrl":"https:\/\/www.youtube.com\/embed\/1254OEy9CI8","publisher":{"@type":"Organization","@id":"https:\/\/www.youtube.com\/channel\/UCWz2Kb-RWtK5KUXHPiSVe4g#Organization","url":"https:\/\/www.youtube.com\/channel\/UCWz2Kb-RWtK5KUXHPiSVe4g","name":"Fsanperg","description":"","logo":{"url":"https:\/\/yt3.ggpht.com\/ytc\/AIdro_nxIYwabsey2ZOtdSEFRM5KwK3Hdl_BdaYgEjud4OZQqw=s800-c-k-c0x00ffffff-no-rj","width":800,"height":800,"@type":"ImageObject","@id":"https:\/\/www.youtube.com\/watch?v=1254OEy9CI8#VideoObject_publisher_logo_ImageObject"}},"potentialAction":{"@type":"SeekToAction","@id":"https:\/\/www.youtube.com\/watch?v=1254OEy9CI8#VideoObject_potentialAction","target":"https:\/\/www.youtube.com\/watch?v=1254OEy9CI8&t={seek_to_second_number}","startOffset-input":"required name=seek_to_second_number"},"interactionStatistic":[[{"@type":"InteractionCounter","@id":"https:\/\/www.youtube.com\/watch?v=1254OEy9CI8#VideoObject_interactionStatistic_WatchAction","interactionType":{"@type":"WatchAction"},"userInteractionCount":7652}],{"@type":"InteractionCounter","@id":"https:\/\/www.youtube.com\/watch?v=1254OEy9CI8#VideoObject_interactionStatistic_LikeAction","interactionType":{"@type":"LikeAction"},"userInteractionCount":30}]},"about":["Gran Canaria"],"wordCount":120},{"@context":"https:\/\/schema.org\/","@type":"BreadcrumbList","itemListElement":[{"@type":"ListItem","position":1,"name":"Gran Canaria","item":"https:\/\/www.canariasconfidencial.com\/gran-canaria\/#breadcrumbitem"},{"@type":"ListItem","position":2,"name":"&#187;El puertillo&#187;","item":"https:\/\/www.canariasconfidencial.com\/gran-canaria\/el-puertillo\/#breadcrumbitem"}]}]