[{"@context":"https:\/\/schema.org\/","@type":"BlogPosting","@id":"https:\/\/www.canariasconfidencial.com\/gran-canaria\/emocion-y-elogios-en-el-descubrimiento-de-una-placa-que-reconoce-la-labor-del-personal-del-camp-de-guia\/#BlogPosting","mainEntityOfPage":"https:\/\/www.canariasconfidencial.com\/gran-canaria\/emocion-y-elogios-en-el-descubrimiento-de-una-placa-que-reconoce-la-labor-del-personal-del-camp-de-guia\/","headline":"Emoci\u00f3n y elogios en el descubrimiento de una placa que reconoce la labor del personal del CAMP de Gu\u00eda","name":"Emoci\u00f3n y elogios en el descubrimiento de una placa que reconoce la labor del personal del CAMP de Gu\u00eda","description":"Related posts:Directivos y socios de la Pe\u00f1a UDLP Virgen de Gu\u00eda embellecen su sedeEste mi\u00e9rcoles se imparte en G\u00e1ldar el Taller \u201cEnse\u00f1ar a pensar para aprender a sentir y actuar\u201dQuique Seti\u00e9n: \u201cHemos sabido sufrir\u201d","datePublished":"2017-04-24","dateModified":"2017-04-24","author":{"@type":"Person","@id":"https:\/\/www.canariasconfidencial.com\/author\/admin\/#Person","name":"Canarias Confidencial","url":"https:\/\/www.canariasconfidencial.com\/author\/admin\/","image":{"@type":"ImageObject","@id":"https:\/\/secure.gravatar.com\/avatar\/44ad1b7f51be99230dbaef835819598e?s=96&d=mm&r=g","url":"https:\/\/secure.gravatar.com\/avatar\/44ad1b7f51be99230dbaef835819598e?s=96&d=mm&r=g","height":96,"width":96}},"publisher":{"@type":"Organization","name":"Canarias Confidencial","logo":{"@type":"ImageObject","@id":"https:\/\/www.canariasconfidencial.com\/wp-content\/uploads\/2018\/07\/Canarias-Confidencial-1.png","url":"https:\/\/www.canariasconfidencial.com\/wp-content\/uploads\/2018\/07\/Canarias-Confidencial-1.png","width":600,"height":100}},"image":{"@type":"ImageObject","@id":"http:\/\/www.infonortedigital.com\/portada\/images\/noticias\/Guia2015\/Guia_2017\/campguia.jpg","url":"http:\/\/www.infonortedigital.com\/portada\/images\/noticias\/Guia2015\/Guia_2017\/campguia.jpg","height":"","width":""},"url":"https:\/\/www.canariasconfidencial.com\/gran-canaria\/emocion-y-elogios-en-el-descubrimiento-de-una-placa-que-reconoce-la-labor-del-personal-del-camp-de-guia\/","about":["Gran Canaria"],"wordCount":42},{"@context":"https:\/\/schema.org\/","@type":"BreadcrumbList","itemListElement":[{"@type":"ListItem","position":1,"name":"Gran Canaria","item":"https:\/\/www.canariasconfidencial.com\/gran-canaria\/#breadcrumbitem"},{"@type":"ListItem","position":2,"name":"Emoci\u00f3n y elogios en el descubrimiento de una placa que reconoce la labor del personal del CAMP de Gu\u00eda","item":"https:\/\/www.canariasconfidencial.com\/gran-canaria\/emocion-y-elogios-en-el-descubrimiento-de-una-placa-que-reconoce-la-labor-del-personal-del-camp-de-guia\/#breadcrumbitem"}]}]