[{"@context":"https:\/\/schema.org\/","@type":"BlogPosting","@id":"https:\/\/www.canariasconfidencial.com\/gran-canaria\/entrevista-a-cesar-gonzalez-y-alessandro-bagalini\/#BlogPosting","mainEntityOfPage":"https:\/\/www.canariasconfidencial.com\/gran-canaria\/entrevista-a-cesar-gonzalez-y-alessandro-bagalini\/","headline":"Entrevista a C\u00e9sar Gonz\u00e1lez y Alessandro Bagalini","name":"Entrevista a C\u00e9sar Gonz\u00e1lez y Alessandro Bagalini","description":"&nbsp; Related posts:El Auditorio municipal acoge ma\u00f1ana martes una \u201cNoche de letra y m\u00fasica para una Navidad en Teror\u201dEntrevista a Pedro M. Rodr\u00edguez P\u00e9rez, alcalde de Santa Mar\u00eda de Gu\u00eda y Diputado del Parlamento Cana...Culio indica que los pitos fueron clave en su salida","datePublished":"2016-02-07","dateModified":"2016-02-07","author":{"@type":"Person","@id":"https:\/\/www.canariasconfidencial.com\/author\/admin\/#Person","name":"Canarias Confidencial","url":"https:\/\/www.canariasconfidencial.com\/author\/admin\/","image":{"@type":"ImageObject","@id":"https:\/\/secure.gravatar.com\/avatar\/44ad1b7f51be99230dbaef835819598e?s=96&d=mm&r=g","url":"https:\/\/secure.gravatar.com\/avatar\/44ad1b7f51be99230dbaef835819598e?s=96&d=mm&r=g","height":96,"width":96}},"publisher":{"@type":"Organization","name":"Canarias Confidencial","logo":{"@type":"ImageObject","@id":"https:\/\/www.canariasconfidencial.com\/wp-content\/uploads\/2018\/07\/Canarias-Confidencial-1.png","url":"https:\/\/www.canariasconfidencial.com\/wp-content\/uploads\/2018\/07\/Canarias-Confidencial-1.png","width":600,"height":100}},"image":{"@type":"ImageObject","@id":"http:\/\/www.ucarecdn.com\/eb6732ff-b833-44de-bb69-26b31cf45c13\/-\/preview\/","url":"http:\/\/www.ucarecdn.com\/eb6732ff-b833-44de-bb69-26b31cf45c13\/-\/preview\/","height":"","width":""},"url":"https:\/\/www.canariasconfidencial.com\/gran-canaria\/entrevista-a-cesar-gonzalez-y-alessandro-bagalini\/","about":["Gran Canaria"],"wordCount":53},{"@context":"https:\/\/schema.org\/","@type":"BreadcrumbList","itemListElement":[{"@type":"ListItem","position":1,"name":"Gran Canaria","item":"https:\/\/www.canariasconfidencial.com\/gran-canaria\/#breadcrumbitem"},{"@type":"ListItem","position":2,"name":"Entrevista a C\u00e9sar Gonz\u00e1lez y Alessandro Bagalini","item":"https:\/\/www.canariasconfidencial.com\/gran-canaria\/entrevista-a-cesar-gonzalez-y-alessandro-bagalini\/#breadcrumbitem"}]}]