[{"@context":"https:\/\/schema.org\/","@type":"BlogPosting","@id":"https:\/\/www.canariasconfidencial.com\/gran-canaria\/entrevista-a-jonas-dominguez\/#BlogPosting","mainEntityOfPage":"https:\/\/www.canariasconfidencial.com\/gran-canaria\/entrevista-a-jonas-dominguez\/","headline":"Entrevista a Jon\u00e1s Dom\u00ednguez","name":"Entrevista a Jon\u00e1s Dom\u00ednguez","description":"&nbsp; Entrevista a Jon&aacute;s Dom&iacute;nguez, coloborador de la empresa Recursos y Habilidades, que nos comenta uno de los &uacute;ltimos proyectos en los que se encuentra involucrado.&nbsp; &nbsp; Actualmente, Jon&aacute;s est&aacute; inmerso en un peque&ntilde;o proyecto cuyo objetivo es dar una serie de trucos o herramientas para sacar fotograf&iacute;as atractivas mediante dispositivos m&oacute;viles.Este curso va destinado [&hellip;]","datePublished":"2015-11-21","dateModified":"2015-11-21","author":{"@type":"Person","@id":"https:\/\/www.canariasconfidencial.com\/author\/admin\/#Person","name":"Canarias Confidencial","url":"https:\/\/www.canariasconfidencial.com\/author\/admin\/","image":{"@type":"ImageObject","@id":"https:\/\/secure.gravatar.com\/avatar\/44ad1b7f51be99230dbaef835819598e?s=96&d=mm&r=g","url":"https:\/\/secure.gravatar.com\/avatar\/44ad1b7f51be99230dbaef835819598e?s=96&d=mm&r=g","height":96,"width":96}},"publisher":{"@type":"Organization","name":"Canarias Confidencial","logo":{"@type":"ImageObject","@id":"https:\/\/www.canariasconfidencial.com\/wp-content\/uploads\/2018\/07\/Canarias-Confidencial-1.png","url":"https:\/\/www.canariasconfidencial.com\/wp-content\/uploads\/2018\/07\/Canarias-Confidencial-1.png","width":600,"height":100}},"image":{"@type":"ImageObject","@id":"http:\/\/www.ucarecdn.com\/a4837607-2179-4fca-9873-1fcbf8446a8f\/-\/preview\/","url":"http:\/\/www.ucarecdn.com\/a4837607-2179-4fca-9873-1fcbf8446a8f\/-\/preview\/","height":"","width":""},"url":"https:\/\/www.canariasconfidencial.com\/gran-canaria\/entrevista-a-jonas-dominguez\/","about":["Gran Canaria"],"wordCount":152},{"@context":"https:\/\/schema.org\/","@type":"BreadcrumbList","itemListElement":[{"@type":"ListItem","position":1,"name":"Gran Canaria","item":"https:\/\/www.canariasconfidencial.com\/gran-canaria\/#breadcrumbitem"},{"@type":"ListItem","position":2,"name":"Entrevista a Jon\u00e1s Dom\u00ednguez","item":"https:\/\/www.canariasconfidencial.com\/gran-canaria\/entrevista-a-jonas-dominguez\/#breadcrumbitem"}]}]