[{"@context":"https:\/\/schema.org\/","@type":"BlogPosting","@id":"https:\/\/www.canariasconfidencial.com\/gran-canaria\/entrevista-a-jose-juan-ramos-perez_-presidente-de-fedeport\/#BlogPosting","mainEntityOfPage":"https:\/\/www.canariasconfidencial.com\/gran-canaria\/entrevista-a-jose-juan-ramos-perez_-presidente-de-fedeport\/","headline":"Entrevista a Jos\u00e9 Juan Ramos P\u00e9rez, presidente de Fedeport","name":"Entrevista a Jos\u00e9 Juan Ramos P\u00e9rez, presidente de Fedeport","description":"&nbsp; &nbsp; &nbsp; &nbsp; Jos&eacute; Juan Ramos P&eacute;rez, presidente de la Federaci&oacute;n Canaria de empresas Portuarias (FEDEPORT), nos habla entre otras cosas de la conferencia internacional que se celebr&oacute;&nbsp;en el puerto de Las Palmas, a mediados de septiembre, entre los pescadores africanos, europeos, varias ONGs y responsables pol&iacute;ticos de alto nivel. En dicha conferencia se [&hellip;]","datePublished":"2015-10-07","dateModified":"2015-10-07","author":{"@type":"Person","@id":"https:\/\/www.canariasconfidencial.com\/author\/admin\/#Person","name":"Canarias Confidencial","url":"https:\/\/www.canariasconfidencial.com\/author\/admin\/","image":{"@type":"ImageObject","@id":"https:\/\/secure.gravatar.com\/avatar\/44ad1b7f51be99230dbaef835819598e?s=96&d=mm&r=g","url":"https:\/\/secure.gravatar.com\/avatar\/44ad1b7f51be99230dbaef835819598e?s=96&d=mm&r=g","height":96,"width":96}},"publisher":{"@type":"Organization","name":"Canarias Confidencial","logo":{"@type":"ImageObject","@id":"https:\/\/www.canariasconfidencial.com\/wp-content\/uploads\/2018\/07\/Canarias-Confidencial-1.png","url":"https:\/\/www.canariasconfidencial.com\/wp-content\/uploads\/2018\/07\/Canarias-Confidencial-1.png","width":600,"height":100}},"image":{"@type":"ImageObject","@id":"http:\/\/www.ucarecdn.com\/69c23114-b3bb-484f-baae-bd0f42b77fe9\/-\/preview\/","url":"http:\/\/www.ucarecdn.com\/69c23114-b3bb-484f-baae-bd0f42b77fe9\/-\/preview\/","height":"","width":""},"url":"https:\/\/www.canariasconfidencial.com\/gran-canaria\/entrevista-a-jose-juan-ramos-perez_-presidente-de-fedeport\/","about":["Gran Canaria"],"wordCount":151},{"@context":"https:\/\/schema.org\/","@type":"BreadcrumbList","itemListElement":[{"@type":"ListItem","position":1,"name":"Gran Canaria","item":"https:\/\/www.canariasconfidencial.com\/gran-canaria\/#breadcrumbitem"},{"@type":"ListItem","position":2,"name":"Entrevista a Jos\u00e9 Juan Ramos P\u00e9rez, presidente de Fedeport","item":"https:\/\/www.canariasconfidencial.com\/gran-canaria\/entrevista-a-jose-juan-ramos-perez_-presidente-de-fedeport\/#breadcrumbitem"}]}]