[{"@context":"https:\/\/schema.org\/","@type":"BlogPosting","@id":"https:\/\/www.canariasconfidencial.com\/gran-canaria\/entrevista-al-alcalde-de-galdar_-teodoro-sosa-monzon_-presidente-de-la-mancomunidad-del-norte-y-alcalde-de-galdar_-primera-capital-de-gran-canaria\/#BlogPosting","mainEntityOfPage":"https:\/\/www.canariasconfidencial.com\/gran-canaria\/entrevista-al-alcalde-de-galdar_-teodoro-sosa-monzon_-presidente-de-la-mancomunidad-del-norte-y-alcalde-de-galdar_-primera-capital-de-gran-canaria\/","headline":"Entrevista al alcalde de G\u00e1ldar, Teodoro Sosa Monz\u00f3n, presidente de la mancomunidad del norte y alcalde  de G\u00e1ldar,  primera capital de Gran Canaria..","name":"Entrevista al alcalde de G\u00e1ldar, Teodoro Sosa Monz\u00f3n, presidente de la mancomunidad del norte y alcalde  de G\u00e1ldar,  primera capital de Gran Canaria..","description":"&nbsp; Teodoro Sosa Monz&oacute;n, a pesar de su juventud su liderazgo pol&iacute;tico ya es una realidad. Entrevista al actual alcalde de G&aacute;ldar, desde el 6 julio de 2007, Teodoro Sosa Monz&oacute;n.&nbsp;El presidente del BNR-NC fue elegido, el 15 de diciembre de 2014, &nbsp;como candidato a la alcald&iacute;a de G&aacute;ldar tras el masivo apoyo que militantes [&hellip;]","datePublished":"2015-11-12","dateModified":"2015-11-12","author":{"@type":"Person","@id":"https:\/\/www.canariasconfidencial.com\/author\/admin\/#Person","name":"Canarias Confidencial","url":"https:\/\/www.canariasconfidencial.com\/author\/admin\/","image":{"@type":"ImageObject","@id":"https:\/\/secure.gravatar.com\/avatar\/44ad1b7f51be99230dbaef835819598e?s=96&d=mm&r=g","url":"https:\/\/secure.gravatar.com\/avatar\/44ad1b7f51be99230dbaef835819598e?s=96&d=mm&r=g","height":96,"width":96}},"publisher":{"@type":"Organization","name":"Canarias Confidencial","logo":{"@type":"ImageObject","@id":"https:\/\/www.canariasconfidencial.com\/wp-content\/uploads\/2018\/07\/Canarias-Confidencial-1.png","url":"https:\/\/www.canariasconfidencial.com\/wp-content\/uploads\/2018\/07\/Canarias-Confidencial-1.png","width":600,"height":100}},"image":{"@type":"ImageObject","@id":"http:\/\/www.ucarecdn.com\/a57d0abb-30c3-4d83-b867-37b8efde7af6\/-\/preview\/","url":"http:\/\/www.ucarecdn.com\/a57d0abb-30c3-4d83-b867-37b8efde7af6\/-\/preview\/","height":"","width":""},"url":"https:\/\/www.canariasconfidencial.com\/gran-canaria\/entrevista-al-alcalde-de-galdar_-teodoro-sosa-monzon_-presidente-de-la-mancomunidad-del-norte-y-alcalde-de-galdar_-primera-capital-de-gran-canaria\/","about":["Gran Canaria"],"wordCount":206},{"@context":"https:\/\/schema.org\/","@type":"BreadcrumbList","itemListElement":[{"@type":"ListItem","position":1,"name":"Gran Canaria","item":"https:\/\/www.canariasconfidencial.com\/gran-canaria\/#breadcrumbitem"},{"@type":"ListItem","position":2,"name":"Entrevista al alcalde de G\u00e1ldar, Teodoro Sosa Monz\u00f3n, presidente de la mancomunidad del norte y alcalde  de G\u00e1ldar,  primera capital de Gran Canaria..","item":"https:\/\/www.canariasconfidencial.com\/gran-canaria\/entrevista-al-alcalde-de-galdar_-teodoro-sosa-monzon_-presidente-de-la-mancomunidad-del-norte-y-alcalde-de-galdar_-primera-capital-de-gran-canaria\/#breadcrumbitem"}]}]