[{"@context":"https:\/\/schema.org\/","@type":"BlogPosting","@id":"https:\/\/www.canariasconfidencial.com\/gran-canaria\/entrevista-al-presidente-del-consejo-regulador-de-la-denominacion-de-origen-protegida-vitivinicola-de-gran-canaria\/#BlogPosting","mainEntityOfPage":"https:\/\/www.canariasconfidencial.com\/gran-canaria\/entrevista-al-presidente-del-consejo-regulador-de-la-denominacion-de-origen-protegida-vitivinicola-de-gran-canaria\/","headline":"Entrevista al presidente del Consejo Regulador de la Denominaci\u00f3n de Origen Protegida Vitivin\u00edcola de Gran Canaria","name":"Entrevista al presidente del Consejo Regulador de la Denominaci\u00f3n de Origen Protegida Vitivin\u00edcola de Gran Canaria","description":"&nbsp; &nbsp; Entrevista Luis L&oacute;pez, presidente del Consejo Regulador de la Denominaci&oacute;n de Origen Protegida Vitivin&iacute;cola de Gran Canaria, que nos informa de la sexta edici&oacute;n de Degustaci&oacute;n de Vinos Canarios que se celebra en el Teatro Cuy&aacute;s, el pr&oacute;ximo 6 de noviembre, de 19.00 a 23.00 horas. Cabe destacar que este a&ntilde;o se incrementa [&hellip;]","datePublished":"2015-11-06","dateModified":"2015-11-06","author":{"@type":"Person","@id":"https:\/\/www.canariasconfidencial.com\/author\/admin\/#Person","name":"Canarias Confidencial","url":"https:\/\/www.canariasconfidencial.com\/author\/admin\/","image":{"@type":"ImageObject","@id":"https:\/\/secure.gravatar.com\/avatar\/44ad1b7f51be99230dbaef835819598e?s=96&d=mm&r=g","url":"https:\/\/secure.gravatar.com\/avatar\/44ad1b7f51be99230dbaef835819598e?s=96&d=mm&r=g","height":96,"width":96}},"publisher":{"@type":"Organization","name":"Canarias Confidencial","logo":{"@type":"ImageObject","@id":"https:\/\/www.canariasconfidencial.com\/wp-content\/uploads\/2018\/07\/Canarias-Confidencial-1.png","url":"https:\/\/www.canariasconfidencial.com\/wp-content\/uploads\/2018\/07\/Canarias-Confidencial-1.png","width":600,"height":100}},"image":{"@type":"ImageObject","@id":"http:\/\/www.ucarecdn.com\/72e2c3c9-2513-40b8-9835-07cab4b5c28d\/-\/preview\/","url":"http:\/\/www.ucarecdn.com\/72e2c3c9-2513-40b8-9835-07cab4b5c28d\/-\/preview\/","height":"","width":""},"url":"https:\/\/www.canariasconfidencial.com\/gran-canaria\/entrevista-al-presidente-del-consejo-regulador-de-la-denominacion-de-origen-protegida-vitivinicola-de-gran-canaria\/","about":["Gran Canaria"],"wordCount":405},{"@context":"https:\/\/schema.org\/","@type":"BreadcrumbList","itemListElement":[{"@type":"ListItem","position":1,"name":"Gran Canaria","item":"https:\/\/www.canariasconfidencial.com\/gran-canaria\/#breadcrumbitem"},{"@type":"ListItem","position":2,"name":"Entrevista al presidente del Consejo Regulador de la Denominaci\u00f3n de Origen Protegida Vitivin\u00edcola de Gran Canaria","item":"https:\/\/www.canariasconfidencial.com\/gran-canaria\/entrevista-al-presidente-del-consejo-regulador-de-la-denominacion-de-origen-protegida-vitivinicola-de-gran-canaria\/#breadcrumbitem"}]}]