[{"@context":"https:\/\/schema.org\/","@type":"BlogPosting","@id":"https:\/\/www.canariasconfidencial.com\/gran-canaria\/feliz-cumpleanos-cueva-pintada-de-galdar\/#BlogPosting","mainEntityOfPage":"https:\/\/www.canariasconfidencial.com\/gran-canaria\/feliz-cumpleanos-cueva-pintada-de-galdar\/","headline":"Feliz cumplea\u00f1os Cueva Pintada de G\u00e1ldar","name":"Feliz cumplea\u00f1os Cueva Pintada de G\u00e1ldar","description":"G&aacute;ldar conmemor&oacute; este martes, 26 de julio, el d&eacute;cimo aniversario de la apertura del Museo y Parque Arqueol&oacute;gico de la Cueva Pintada, con un acto institucional, en el que se cont&oacute; con las intervenciones del Director General de Patrimonio Hist&oacute;rico del Gobierno canario, Miguel &Aacute;ngel Clavijo, el alcalde de G&aacute;ldar, Teodoro Sosa, y el presidente [&hellip;]","datePublished":"2016-07-26","dateModified":"2016-07-26","author":{"@type":"Person","@id":"https:\/\/www.canariasconfidencial.com\/author\/admin\/#Person","name":"Canarias Confidencial","url":"https:\/\/www.canariasconfidencial.com\/author\/admin\/","image":{"@type":"ImageObject","@id":"https:\/\/secure.gravatar.com\/avatar\/44ad1b7f51be99230dbaef835819598e?s=96&d=mm&r=g","url":"https:\/\/secure.gravatar.com\/avatar\/44ad1b7f51be99230dbaef835819598e?s=96&d=mm&r=g","height":96,"width":96}},"publisher":{"@type":"Organization","name":"Canarias Confidencial","logo":{"@type":"ImageObject","@id":"https:\/\/www.canariasconfidencial.com\/wp-content\/uploads\/2018\/07\/Canarias-Confidencial-1.png","url":"https:\/\/www.canariasconfidencial.com\/wp-content\/uploads\/2018\/07\/Canarias-Confidencial-1.png","width":600,"height":100}},"image":{"@type":"ImageObject","@id":"http:\/\/www.infonortedigital.com\/portada\/images\/noticias\/Galdar2015\/galdar2016\/aniversariocueva.jpg","url":"http:\/\/www.infonortedigital.com\/portada\/images\/noticias\/Galdar2015\/galdar2016\/aniversariocueva.jpg","height":"","width":""},"url":"https:\/\/www.canariasconfidencial.com\/gran-canaria\/feliz-cumpleanos-cueva-pintada-de-galdar\/","about":["Gran Canaria"],"wordCount":427},{"@context":"https:\/\/schema.org\/","@type":"BreadcrumbList","itemListElement":[{"@type":"ListItem","position":1,"name":"Gran Canaria","item":"https:\/\/www.canariasconfidencial.com\/gran-canaria\/#breadcrumbitem"},{"@type":"ListItem","position":2,"name":"Feliz cumplea\u00f1os Cueva Pintada de G\u00e1ldar","item":"https:\/\/www.canariasconfidencial.com\/gran-canaria\/feliz-cumpleanos-cueva-pintada-de-galdar\/#breadcrumbitem"}]}]