[{"@context":"https:\/\/schema.org\/","@type":"BlogPosting","@id":"https:\/\/www.canariasconfidencial.com\/gran-canaria\/fontanales-vivio-este-miercoles-el-dia-grande-de-la-festividad-de-san-bartolome\/#BlogPosting","mainEntityOfPage":"https:\/\/www.canariasconfidencial.com\/gran-canaria\/fontanales-vivio-este-miercoles-el-dia-grande-de-la-festividad-de-san-bartolome\/","headline":"Fontanales vivi\u00f3 este mi\u00e9rcoles el d\u00eda grande de la festividad de San Bartolom\u00e9","name":"Fontanales vivi\u00f3 este mi\u00e9rcoles el d\u00eda grande de la festividad de San Bartolom\u00e9","description":"El pago moyense de Fontanales celebr&oacute; este mi&eacute;rcoles la festividad de su patr&oacute;n, San Bartolom&eacute;, con diferentes actos solemnes como la tradicional Eucarist&iacute;a de los Romeros y la Funci&oacute;n Religiosa, presidida en esta ocasi&oacute;n por don Juan Carlos Arencibia Su&aacute;rez, formador del Seminario, y en la que particip&oacute; el Coro Parroquial de Fontanales. Acto seguido [&hellip;]","datePublished":"2016-08-25","dateModified":"2016-08-25","author":{"@type":"Person","@id":"https:\/\/www.canariasconfidencial.com\/author\/admin\/#Person","name":"Canarias Confidencial","url":"https:\/\/www.canariasconfidencial.com\/author\/admin\/","image":{"@type":"ImageObject","@id":"https:\/\/secure.gravatar.com\/avatar\/44ad1b7f51be99230dbaef835819598e?s=96&d=mm&r=g","url":"https:\/\/secure.gravatar.com\/avatar\/44ad1b7f51be99230dbaef835819598e?s=96&d=mm&r=g","height":96,"width":96}},"publisher":{"@type":"Organization","name":"Canarias Confidencial","logo":{"@type":"ImageObject","@id":"https:\/\/www.canariasconfidencial.com\/wp-content\/uploads\/2018\/07\/Canarias-Confidencial-1.png","url":"https:\/\/www.canariasconfidencial.com\/wp-content\/uploads\/2018\/07\/Canarias-Confidencial-1.png","width":600,"height":100}},"image":{"@type":"ImageObject","@id":"http:\/\/www.infonortedigital.com\/portada\/images\/noticias\/Moya_2015\/Moya_2016\/sanbartolome.jpg","url":"http:\/\/www.infonortedigital.com\/portada\/images\/noticias\/Moya_2015\/Moya_2016\/sanbartolome.jpg","height":"","width":""},"url":"https:\/\/www.canariasconfidencial.com\/gran-canaria\/fontanales-vivio-este-miercoles-el-dia-grande-de-la-festividad-de-san-bartolome\/","about":["Gran Canaria"],"wordCount":506},{"@context":"https:\/\/schema.org\/","@type":"BreadcrumbList","itemListElement":[{"@type":"ListItem","position":1,"name":"Gran Canaria","item":"https:\/\/www.canariasconfidencial.com\/gran-canaria\/#breadcrumbitem"},{"@type":"ListItem","position":2,"name":"Fontanales vivi\u00f3 este mi\u00e9rcoles el d\u00eda grande de la festividad de San Bartolom\u00e9","item":"https:\/\/www.canariasconfidencial.com\/gran-canaria\/fontanales-vivio-este-miercoles-el-dia-grande-de-la-festividad-de-san-bartolome\/#breadcrumbitem"}]}]