[{"@context":"https:\/\/schema.org\/","@type":"BlogPosting","@id":"https:\/\/www.canariasconfidencial.com\/gran-canaria\/frase-del-dia-quien-lo-dijo\/#BlogPosting","mainEntityOfPage":"https:\/\/www.canariasconfidencial.com\/gran-canaria\/frase-del-dia-quien-lo-dijo\/","headline":"Frase del d\u00eda. Qui\u00e9n lo dijo","name":"Frase del d\u00eda. Qui\u00e9n lo dijo","description":"S&oacute;focles &nbsp; &nbsp; Related posts:Teror celebra un Fin de A\u00f1o diferente con las campanadas desde la Plaza del Pino retransmitidas para...Rueda de prensa de Quique Seti\u00e9nLA DISTINCIO\u0301N DE LA DISTINCIO\u0301N \u2013 UN CIELO ESTRELLADO","datePublished":"2015-12-08","dateModified":"2015-12-08","author":{"@type":"Person","@id":"https:\/\/www.canariasconfidencial.com\/author\/admin\/#Person","name":"Canarias Confidencial","url":"https:\/\/www.canariasconfidencial.com\/author\/admin\/","image":{"@type":"ImageObject","@id":"https:\/\/secure.gravatar.com\/avatar\/44ad1b7f51be99230dbaef835819598e?s=96&d=mm&r=g","url":"https:\/\/secure.gravatar.com\/avatar\/44ad1b7f51be99230dbaef835819598e?s=96&d=mm&r=g","height":96,"width":96}},"publisher":{"@type":"Organization","name":"Canarias Confidencial","logo":{"@type":"ImageObject","@id":"https:\/\/www.canariasconfidencial.com\/wp-content\/uploads\/2018\/07\/Canarias-Confidencial-1.png","url":"https:\/\/www.canariasconfidencial.com\/wp-content\/uploads\/2018\/07\/Canarias-Confidencial-1.png","width":600,"height":100}},"image":{"@type":"ImageObject","@id":"http:\/\/www.ucarecdn.com\/508d0550-95b0-4692-9525-11fc9229ae29\/-\/preview\/","url":"http:\/\/www.ucarecdn.com\/508d0550-95b0-4692-9525-11fc9229ae29\/-\/preview\/","height":"","width":""},"url":"https:\/\/www.canariasconfidencial.com\/gran-canaria\/frase-del-dia-quien-lo-dijo\/","about":["Gran Canaria"],"wordCount":41},{"@context":"https:\/\/schema.org\/","@type":"BreadcrumbList","itemListElement":[{"@type":"ListItem","position":1,"name":"Gran Canaria","item":"https:\/\/www.canariasconfidencial.com\/gran-canaria\/#breadcrumbitem"},{"@type":"ListItem","position":2,"name":"Frase del d\u00eda. Qui\u00e9n lo dijo","item":"https:\/\/www.canariasconfidencial.com\/gran-canaria\/frase-del-dia-quien-lo-dijo\/#breadcrumbitem"}]}]