[{"@context":"https:\/\/schema.org\/","@type":"BlogPosting","@id":"https:\/\/www.canariasconfidencial.com\/gran-canaria\/frase-del-dia-trata-de-averiguar-quien-lo-dijo\/#BlogPosting","mainEntityOfPage":"https:\/\/www.canariasconfidencial.com\/gran-canaria\/frase-del-dia-trata-de-averiguar-quien-lo-dijo\/","headline":"Frase del d\u00eda. Trata de averiguar qui\u00e9n lo dijo","name":"Frase del d\u00eda. Trata de averiguar qui\u00e9n lo dijo","description":"Lo dijo Confucio&nbsp; Related posts:LA DISTINCIO\u0301N DE LA DISTINCIO\u0301N \u2013 UN CIELO ESTRELLADOSe presenta en Gu\u00eda la plataforma \u201cSalvar el centro Salesiano del Norte\u201dEl ayuntamiento de Gu\u00eda acondiciona varias calles del casco","datePublished":"2015-10-30","dateModified":"2015-10-30","author":{"@type":"Person","@id":"https:\/\/www.canariasconfidencial.com\/author\/admin\/#Person","name":"Canarias Confidencial","url":"https:\/\/www.canariasconfidencial.com\/author\/admin\/","image":{"@type":"ImageObject","@id":"https:\/\/secure.gravatar.com\/avatar\/44ad1b7f51be99230dbaef835819598e?s=96&d=mm&r=g","url":"https:\/\/secure.gravatar.com\/avatar\/44ad1b7f51be99230dbaef835819598e?s=96&d=mm&r=g","height":96,"width":96}},"publisher":{"@type":"Organization","name":"Canarias Confidencial","logo":{"@type":"ImageObject","@id":"https:\/\/www.canariasconfidencial.com\/wp-content\/uploads\/2018\/07\/Canarias-Confidencial-1.png","url":"https:\/\/www.canariasconfidencial.com\/wp-content\/uploads\/2018\/07\/Canarias-Confidencial-1.png","width":600,"height":100}},"image":{"@type":"ImageObject","@id":"http:\/\/www.ucarecdn.com\/c3217d7f-4801-4c93-a13e-bd8ec334c5c3\/-\/preview\/","url":"http:\/\/www.ucarecdn.com\/c3217d7f-4801-4c93-a13e-bd8ec334c5c3\/-\/preview\/","height":"","width":""},"url":"https:\/\/www.canariasconfidencial.com\/gran-canaria\/frase-del-dia-trata-de-averiguar-quien-lo-dijo\/","about":["Gran Canaria"],"wordCount":38},{"@context":"https:\/\/schema.org\/","@type":"BreadcrumbList","itemListElement":[{"@type":"ListItem","position":1,"name":"Gran Canaria","item":"https:\/\/www.canariasconfidencial.com\/gran-canaria\/#breadcrumbitem"},{"@type":"ListItem","position":2,"name":"Frase del d\u00eda. Trata de averiguar qui\u00e9n lo dijo","item":"https:\/\/www.canariasconfidencial.com\/gran-canaria\/frase-del-dia-trata-de-averiguar-quien-lo-dijo\/#breadcrumbitem"}]}]