[{"@context":"https:\/\/schema.org\/","@type":"BlogPosting","@id":"https:\/\/www.canariasconfidencial.com\/gran-canaria\/frase-del-dia\/#BlogPosting","mainEntityOfPage":"https:\/\/www.canariasconfidencial.com\/gran-canaria\/frase-del-dia\/","headline":"Frase del d\u00eda.","name":"Frase del d\u00eda.","description":"&nbsp; Related posts:David Garc\u00eda y Bigas, la pareja m\u00e1s efectivaEl Cabildo repara cuatro muros de contenci\u00f3n en la carretera del Cenobio de Valer\u00f3n da\u00f1ados por el t...Ayuntamiento de Ingenio y Construplan firman contrato para ejecutar el Equipamiento Cultural-Antiguo...","datePublished":"2015-12-10","dateModified":"2015-12-10","author":{"@type":"Person","@id":"https:\/\/www.canariasconfidencial.com\/author\/admin\/#Person","name":"Canarias Confidencial","url":"https:\/\/www.canariasconfidencial.com\/author\/admin\/","image":{"@type":"ImageObject","@id":"https:\/\/secure.gravatar.com\/avatar\/44ad1b7f51be99230dbaef835819598e?s=96&d=mm&r=g","url":"https:\/\/secure.gravatar.com\/avatar\/44ad1b7f51be99230dbaef835819598e?s=96&d=mm&r=g","height":96,"width":96}},"publisher":{"@type":"Organization","name":"Canarias Confidencial","logo":{"@type":"ImageObject","@id":"https:\/\/www.canariasconfidencial.com\/wp-content\/uploads\/2018\/07\/Canarias-Confidencial-1.png","url":"https:\/\/www.canariasconfidencial.com\/wp-content\/uploads\/2018\/07\/Canarias-Confidencial-1.png","width":600,"height":100}},"image":{"@type":"ImageObject","@id":"http:\/\/www.ucarecdn.com\/11348ef7-f379-4e36-83c7-2924d51af6ab\/-\/preview\/","url":"http:\/\/www.ucarecdn.com\/11348ef7-f379-4e36-83c7-2924d51af6ab\/-\/preview\/","height":"","width":""},"url":"https:\/\/www.canariasconfidencial.com\/gran-canaria\/frase-del-dia\/","about":["Gran Canaria"],"wordCount":45},{"@context":"https:\/\/schema.org\/","@type":"BreadcrumbList","itemListElement":[{"@type":"ListItem","position":1,"name":"Gran Canaria","item":"https:\/\/www.canariasconfidencial.com\/gran-canaria\/#breadcrumbitem"},{"@type":"ListItem","position":2,"name":"Frase del d\u00eda.","item":"https:\/\/www.canariasconfidencial.com\/gran-canaria\/frase-del-dia\/#breadcrumbitem"}]}]