[{"@context":"https:\/\/schema.org\/","@type":"BlogPosting","@id":"https:\/\/www.canariasconfidencial.com\/gran-canaria\/galdar-celebra-las-fiestas-principales-de-san-sebastian\/#BlogPosting","mainEntityOfPage":"https:\/\/www.canariasconfidencial.com\/gran-canaria\/galdar-celebra-las-fiestas-principales-de-san-sebastian\/","headline":"G\u00e1ldar celebra las Fiestas Principales de San Sebasti\u00e1n","name":"G\u00e1ldar celebra las Fiestas Principales de San Sebasti\u00e1n","description":"&nbsp; Este viernes dar&aacute;n comienzo las Fiestas en honor a San Sebasti&aacute;n en G&aacute;ldar. La concejal&iacute;a de Cultura y Fiestas que dirige Julio Mateo Castillo ha sacado a la luz un programa de actos con el que rendir homenaje a estas fiestas de gran tradici&oacute;n en el municipio y en esta comarca. La tradicional Plegaria [&hellip;]","datePublished":"2016-01-12","dateModified":"2016-01-12","author":{"@type":"Person","@id":"https:\/\/www.canariasconfidencial.com\/author\/admin\/#Person","name":"Canarias Confidencial","url":"https:\/\/www.canariasconfidencial.com\/author\/admin\/","image":{"@type":"ImageObject","@id":"https:\/\/secure.gravatar.com\/avatar\/44ad1b7f51be99230dbaef835819598e?s=96&d=mm&r=g","url":"https:\/\/secure.gravatar.com\/avatar\/44ad1b7f51be99230dbaef835819598e?s=96&d=mm&r=g","height":96,"width":96}},"publisher":{"@type":"Organization","name":"Canarias Confidencial","logo":{"@type":"ImageObject","@id":"https:\/\/www.canariasconfidencial.com\/wp-content\/uploads\/2018\/07\/Canarias-Confidencial-1.png","url":"https:\/\/www.canariasconfidencial.com\/wp-content\/uploads\/2018\/07\/Canarias-Confidencial-1.png","width":600,"height":100}},"image":{"@type":"ImageObject","@id":"http:\/\/www.ucarecdn.com\/17d24e8c-9cbb-4972-8804-e7768ef5fd1a\/-\/preview\/","url":"http:\/\/www.ucarecdn.com\/17d24e8c-9cbb-4972-8804-e7768ef5fd1a\/-\/preview\/","height":"","width":""},"url":"https:\/\/www.canariasconfidencial.com\/gran-canaria\/galdar-celebra-las-fiestas-principales-de-san-sebastian\/","about":["Gran Canaria"],"wordCount":822},{"@context":"https:\/\/schema.org\/","@type":"BreadcrumbList","itemListElement":[{"@type":"ListItem","position":1,"name":"Gran Canaria","item":"https:\/\/www.canariasconfidencial.com\/gran-canaria\/#breadcrumbitem"},{"@type":"ListItem","position":2,"name":"G\u00e1ldar celebra las Fiestas Principales de San Sebasti\u00e1n","item":"https:\/\/www.canariasconfidencial.com\/gran-canaria\/galdar-celebra-las-fiestas-principales-de-san-sebastian\/#breadcrumbitem"}]}]