[{"@context":"https:\/\/schema.org\/","@type":"BlogPosting","@id":"https:\/\/www.canariasconfidencial.com\/gran-canaria\/galdar-dice-no-a-la-discriminacion-de-la-mujer-y-a-la-violencia-machista\/#BlogPosting","mainEntityOfPage":"https:\/\/www.canariasconfidencial.com\/gran-canaria\/galdar-dice-no-a-la-discriminacion-de-la-mujer-y-a-la-violencia-machista\/","headline":"G\u00e1ldar dice NO a la discriminaci\u00f3n de la mujer y a la violencia machista","name":"G\u00e1ldar dice NO a la discriminaci\u00f3n de la mujer y a la violencia machista","description":"&nbsp; &nbsp; G&aacute;ldar se sum&oacute; este 8 de marzo a los actos de reivindicaci&oacute;n por la igualdad entre hombres y mujeres y por el fin de la violencia machista. La Concejal&iacute;a para la Igualdad entre Mujeres y Hombres del Ayuntamiento galdense instal&oacute; un stand informativo en la misma calle Larga y reparti&oacute; los lazos malvas [&hellip;]","datePublished":"2016-03-09","dateModified":"2016-03-09","author":{"@type":"Person","@id":"https:\/\/www.canariasconfidencial.com\/author\/admin\/#Person","name":"Canarias Confidencial","url":"https:\/\/www.canariasconfidencial.com\/author\/admin\/","image":{"@type":"ImageObject","@id":"https:\/\/secure.gravatar.com\/avatar\/44ad1b7f51be99230dbaef835819598e?s=96&d=mm&r=g","url":"https:\/\/secure.gravatar.com\/avatar\/44ad1b7f51be99230dbaef835819598e?s=96&d=mm&r=g","height":96,"width":96}},"publisher":{"@type":"Organization","name":"Canarias Confidencial","logo":{"@type":"ImageObject","@id":"https:\/\/www.canariasconfidencial.com\/wp-content\/uploads\/2018\/07\/Canarias-Confidencial-1.png","url":"https:\/\/www.canariasconfidencial.com\/wp-content\/uploads\/2018\/07\/Canarias-Confidencial-1.png","width":600,"height":100}},"image":{"@type":"ImageObject","@id":"http:\/\/www.infonortedigital.com\/portada\/images\/noticias\/Galdar2015\/galdar2016\/siamujer16.jpg","url":"http:\/\/www.infonortedigital.com\/portada\/images\/noticias\/Galdar2015\/galdar2016\/siamujer16.jpg","height":"","width":""},"url":"https:\/\/www.canariasconfidencial.com\/gran-canaria\/galdar-dice-no-a-la-discriminacion-de-la-mujer-y-a-la-violencia-machista\/","about":["Gran Canaria"],"wordCount":342},{"@context":"https:\/\/schema.org\/","@type":"BreadcrumbList","itemListElement":[{"@type":"ListItem","position":1,"name":"Gran Canaria","item":"https:\/\/www.canariasconfidencial.com\/gran-canaria\/#breadcrumbitem"},{"@type":"ListItem","position":2,"name":"G\u00e1ldar dice NO a la discriminaci\u00f3n de la mujer y a la violencia machista","item":"https:\/\/www.canariasconfidencial.com\/gran-canaria\/galdar-dice-no-a-la-discriminacion-de-la-mujer-y-a-la-violencia-machista\/#breadcrumbitem"}]}]