[{"@context":"https:\/\/schema.org\/","@type":"BlogPosting","@id":"https:\/\/www.canariasconfidencial.com\/gran-canaria\/galdar-inauguro-su-belen-municipal\/#BlogPosting","mainEntityOfPage":"https:\/\/www.canariasconfidencial.com\/gran-canaria\/galdar-inauguro-su-belen-municipal\/","headline":"G\u00e1ldar inaugur\u00f3 su Bel\u00e9n Municipal","name":"G\u00e1ldar inaugur\u00f3 su Bel\u00e9n Municipal","description":"Related posts:Ag\u00e1ldar 2015. Cultura y tradici\u00f3n. Del 23 al 28 de Octubre.\u00a0Perfume. C\u00f3mo elegir tu perfume (4\u00aa parte)\u00a1Llegan los Black Days y el Cyber Monday de HD Hotels!","datePublished":"2016-12-09","dateModified":"2016-12-09","author":{"@type":"Person","@id":"https:\/\/www.canariasconfidencial.com\/author\/admin\/#Person","name":"Canarias Confidencial","url":"https:\/\/www.canariasconfidencial.com\/author\/admin\/","image":{"@type":"ImageObject","@id":"https:\/\/secure.gravatar.com\/avatar\/44ad1b7f51be99230dbaef835819598e?s=96&d=mm&r=g","url":"https:\/\/secure.gravatar.com\/avatar\/44ad1b7f51be99230dbaef835819598e?s=96&d=mm&r=g","height":96,"width":96}},"publisher":{"@type":"Organization","name":"Canarias Confidencial","logo":{"@type":"ImageObject","@id":"https:\/\/www.canariasconfidencial.com\/wp-content\/uploads\/2018\/07\/Canarias-Confidencial-1.png","url":"https:\/\/www.canariasconfidencial.com\/wp-content\/uploads\/2018\/07\/Canarias-Confidencial-1.png","width":600,"height":100}},"image":{"@type":"ImageObject","@id":"http:\/\/www.infonortedigital.com\/portada\/images\/noticias\/Galdar2015\/galdar2016\/Joseluistacoronte2016.JPG","url":"http:\/\/www.infonortedigital.com\/portada\/images\/noticias\/Galdar2015\/galdar2016\/Joseluistacoronte2016.JPG","height":"","width":""},"url":"https:\/\/www.canariasconfidencial.com\/gran-canaria\/galdar-inauguro-su-belen-municipal\/","about":["Gran Canaria"],"wordCount":30},{"@context":"https:\/\/schema.org\/","@type":"BreadcrumbList","itemListElement":[{"@type":"ListItem","position":1,"name":"Gran Canaria","item":"https:\/\/www.canariasconfidencial.com\/gran-canaria\/#breadcrumbitem"},{"@type":"ListItem","position":2,"name":"G\u00e1ldar inaugur\u00f3 su Bel\u00e9n Municipal","item":"https:\/\/www.canariasconfidencial.com\/gran-canaria\/galdar-inauguro-su-belen-municipal\/#breadcrumbitem"}]}]