[{"@context":"https:\/\/schema.org\/","@type":"BlogPosting","@id":"https:\/\/www.canariasconfidencial.com\/gran-canaria\/galdar-pone-en-marcha-un-proyecto-formativo-a-traves-de-la-up-para-cualificar-a-30-personas-desempleadas-del-sector-de-la-construccion\/#BlogPosting","mainEntityOfPage":"https:\/\/www.canariasconfidencial.com\/gran-canaria\/galdar-pone-en-marcha-un-proyecto-formativo-a-traves-de-la-up-para-cualificar-a-30-personas-desempleadas-del-sector-de-la-construccion\/","headline":"G\u00e1ldar  pone en marcha un proyecto formativo a trav\u00e9s de la UP para cualificar a 30 personas desempleadas del sector de la construcci\u00f3n","name":"G\u00e1ldar  pone en marcha un proyecto formativo a trav\u00e9s de la UP para cualificar a 30 personas desempleadas del sector de la construcci\u00f3n","description":"La concejal de Educaci&oacute;n y Universidad Popular del Ayuntamiento de G&aacute;ldar, Mar&iacute;a Rosa Quintana y el consejero de Educaci&oacute;n y Juventud del Cabildo de Gran Canaria, Miguel Montero, presentaron este lunes en rueda de prensa el proyecto &ldquo;Universidad Popular de G&aacute;ldar por el Empleo y los Valores&rdquo;, por el que 30 personas desempleadas del municipio [&hellip;]","datePublished":"2016-11-02","dateModified":"2016-11-02","author":{"@type":"Person","@id":"https:\/\/www.canariasconfidencial.com\/author\/admin\/#Person","name":"Canarias Confidencial","url":"https:\/\/www.canariasconfidencial.com\/author\/admin\/","image":{"@type":"ImageObject","@id":"https:\/\/secure.gravatar.com\/avatar\/44ad1b7f51be99230dbaef835819598e?s=96&d=mm&r=g","url":"https:\/\/secure.gravatar.com\/avatar\/44ad1b7f51be99230dbaef835819598e?s=96&d=mm&r=g","height":96,"width":96}},"publisher":{"@type":"Organization","name":"Canarias Confidencial","logo":{"@type":"ImageObject","@id":"https:\/\/www.canariasconfidencial.com\/wp-content\/uploads\/2018\/07\/Canarias-Confidencial-1.png","url":"https:\/\/www.canariasconfidencial.com\/wp-content\/uploads\/2018\/07\/Canarias-Confidencial-1.png","width":600,"height":100}},"image":{"@type":"ImageObject","@id":"http:\/\/www.infonortedigital.com\/portada\/images\/noticias\/Galdar2015\/galdar2016\/construcion.jpg","url":"http:\/\/www.infonortedigital.com\/portada\/images\/noticias\/Galdar2015\/galdar2016\/construcion.jpg","height":"","width":""},"url":"https:\/\/www.canariasconfidencial.com\/gran-canaria\/galdar-pone-en-marcha-un-proyecto-formativo-a-traves-de-la-up-para-cualificar-a-30-personas-desempleadas-del-sector-de-la-construccion\/","about":["Gran Canaria"],"wordCount":523},{"@context":"https:\/\/schema.org\/","@type":"BreadcrumbList","itemListElement":[{"@type":"ListItem","position":1,"name":"Gran Canaria","item":"https:\/\/www.canariasconfidencial.com\/gran-canaria\/#breadcrumbitem"},{"@type":"ListItem","position":2,"name":"G\u00e1ldar  pone en marcha un proyecto formativo a trav\u00e9s de la UP para cualificar a 30 personas desempleadas del sector de la construcci\u00f3n","item":"https:\/\/www.canariasconfidencial.com\/gran-canaria\/galdar-pone-en-marcha-un-proyecto-formativo-a-traves-de-la-up-para-cualificar-a-30-personas-desempleadas-del-sector-de-la-construccion\/#breadcrumbitem"}]}]