[{"@context":"https:\/\/schema.org\/","@type":"BlogPosting","@id":"https:\/\/www.canariasconfidencial.com\/gran-canaria\/galdar-rinde-un-homenaje-a-mujeres-que-han-destacado-en-el-ambito-musical\/#BlogPosting","mainEntityOfPage":"https:\/\/www.canariasconfidencial.com\/gran-canaria\/galdar-rinde-un-homenaje-a-mujeres-que-han-destacado-en-el-ambito-musical\/","headline":"G\u00e1ldar rinde un homenaje a mujeres que han destacado en el \u00e1mbito musical","name":"G\u00e1ldar rinde un homenaje a mujeres que han destacado en el \u00e1mbito musical","description":"&nbsp; &nbsp; &nbsp; &nbsp; &nbsp; &nbsp; &nbsp; La Concejal&iacute;a para la Igualdad entre Mujeres y Hombres del Ayuntamiento de G&aacute;ldar arranca este martes la programaci&oacute;n dise&ntilde;ada para conmemorar el D&iacute;a Internacional de las Mujeres y lo hace precisamente con un emotivo homenaje a un grupo de siete mujeres que han destacado en el &aacute;mbito musical. [&hellip;]","datePublished":"2016-03-01","dateModified":"2016-03-01","author":{"@type":"Person","@id":"https:\/\/www.canariasconfidencial.com\/author\/admin\/#Person","name":"Canarias Confidencial","url":"https:\/\/www.canariasconfidencial.com\/author\/admin\/","image":{"@type":"ImageObject","@id":"https:\/\/secure.gravatar.com\/avatar\/44ad1b7f51be99230dbaef835819598e?s=96&d=mm&r=g","url":"https:\/\/secure.gravatar.com\/avatar\/44ad1b7f51be99230dbaef835819598e?s=96&d=mm&r=g","height":96,"width":96}},"publisher":{"@type":"Organization","name":"Canarias Confidencial","logo":{"@type":"ImageObject","@id":"https:\/\/www.canariasconfidencial.com\/wp-content\/uploads\/2018\/07\/Canarias-Confidencial-1.png","url":"https:\/\/www.canariasconfidencial.com\/wp-content\/uploads\/2018\/07\/Canarias-Confidencial-1.png","width":600,"height":100}},"image":{"@type":"ImageObject","@id":"http:\/\/www.infonortedigital.com\/portada\/images\/noticias\/Galdar2015\/galdar2016\/mujer16.jpg","url":"http:\/\/www.infonortedigital.com\/portada\/images\/noticias\/Galdar2015\/galdar2016\/mujer16.jpg","height":"","width":""},"url":"https:\/\/www.canariasconfidencial.com\/gran-canaria\/galdar-rinde-un-homenaje-a-mujeres-que-han-destacado-en-el-ambito-musical\/","about":["Gran Canaria"],"wordCount":291},{"@context":"https:\/\/schema.org\/","@type":"BreadcrumbList","itemListElement":[{"@type":"ListItem","position":1,"name":"Gran Canaria","item":"https:\/\/www.canariasconfidencial.com\/gran-canaria\/#breadcrumbitem"},{"@type":"ListItem","position":2,"name":"G\u00e1ldar rinde un homenaje a mujeres que han destacado en el \u00e1mbito musical","item":"https:\/\/www.canariasconfidencial.com\/gran-canaria\/galdar-rinde-un-homenaje-a-mujeres-que-han-destacado-en-el-ambito-musical\/#breadcrumbitem"}]}]