[{"@context":"https:\/\/schema.org\/","@type":"BlogPosting","@id":"https:\/\/www.canariasconfidencial.com\/gran-canaria\/galdar-vivira-este-viernes-los-caballitos-de-fuego-de-santiago\/#BlogPosting","mainEntityOfPage":"https:\/\/www.canariasconfidencial.com\/gran-canaria\/galdar-vivira-este-viernes-los-caballitos-de-fuego-de-santiago\/","headline":"G\u00e1ldar vivir\u00e1 este viernes los Caballitos de Fuego de Santiago","name":"G\u00e1ldar vivir\u00e1 este viernes los Caballitos de Fuego de Santiago","description":"&nbsp; G&aacute;ldar vivir&aacute; este viernes los Caballitos de Fuego de Santiago La recuperaci&oacute;n de la Danza y Zambra de los Gigantes y Caballitos de Fuego de Santiago fue el pasado a&ntilde;o todo un &eacute;xito y en esta segunda edici&oacute;n volver&aacute; a celebrarse con igual emoci&oacute;n por las calles de G&aacute;ldar. Este viernes 22 de julio, [&hellip;]","datePublished":"2016-07-22","dateModified":"2016-07-22","author":{"@type":"Person","@id":"https:\/\/www.canariasconfidencial.com\/author\/admin\/#Person","name":"Canarias Confidencial","url":"https:\/\/www.canariasconfidencial.com\/author\/admin\/","image":{"@type":"ImageObject","@id":"https:\/\/secure.gravatar.com\/avatar\/44ad1b7f51be99230dbaef835819598e?s=96&d=mm&r=g","url":"https:\/\/secure.gravatar.com\/avatar\/44ad1b7f51be99230dbaef835819598e?s=96&d=mm&r=g","height":96,"width":96}},"publisher":{"@type":"Organization","name":"Canarias Confidencial","logo":{"@type":"ImageObject","@id":"https:\/\/www.canariasconfidencial.com\/wp-content\/uploads\/2018\/07\/Canarias-Confidencial-1.png","url":"https:\/\/www.canariasconfidencial.com\/wp-content\/uploads\/2018\/07\/Canarias-Confidencial-1.png","width":600,"height":100}},"image":{"@type":"ImageObject","@id":"http:\/\/www.ucarecdn.com\/873ebe1a-8090-4038-a3a1-d6728c64b141\/-\/preview\/","url":"http:\/\/www.ucarecdn.com\/873ebe1a-8090-4038-a3a1-d6728c64b141\/-\/preview\/","height":"","width":""},"url":"https:\/\/www.canariasconfidencial.com\/gran-canaria\/galdar-vivira-este-viernes-los-caballitos-de-fuego-de-santiago\/","about":["Gran Canaria"],"wordCount":375},{"@context":"https:\/\/schema.org\/","@type":"BreadcrumbList","itemListElement":[{"@type":"ListItem","position":1,"name":"Gran Canaria","item":"https:\/\/www.canariasconfidencial.com\/gran-canaria\/#breadcrumbitem"},{"@type":"ListItem","position":2,"name":"G\u00e1ldar vivir\u00e1 este viernes los Caballitos de Fuego de Santiago","item":"https:\/\/www.canariasconfidencial.com\/gran-canaria\/galdar-vivira-este-viernes-los-caballitos-de-fuego-de-santiago\/#breadcrumbitem"}]}]