[{"@context":"https:\/\/schema.org\/","@type":"BlogPosting","@id":"https:\/\/www.canariasconfidencial.com\/gran-canaria\/galdar-vivira-un-mes-de-julio-dedicado-a-las-fiestas-mayores-de-santiago\/#BlogPosting","mainEntityOfPage":"https:\/\/www.canariasconfidencial.com\/gran-canaria\/galdar-vivira-un-mes-de-julio-dedicado-a-las-fiestas-mayores-de-santiago\/","headline":"G\u00e1ldar vivir\u00e1 un mes de julio dedicado a las Fiestas Mayores de Santiago","name":"G\u00e1ldar vivir\u00e1 un mes de julio dedicado a las Fiestas Mayores de Santiago","description":"&nbsp; El alcalde de G&aacute;ldar, Teodoro Sosa, junto al concejal de Cultura y Fiestas, Julio Mateo Castillo y el cura p&aacute;rroco de la Iglesia de Santiago, Manuel Reyes, presentaron este viernes el programa de actos con el que animar estas fiestas patronales, en un a&ntilde;o donde se conmemora el X Aniversario de la apertura de [&hellip;]","datePublished":"2016-06-24","dateModified":"2016-06-24","author":{"@type":"Person","@id":"https:\/\/www.canariasconfidencial.com\/author\/admin\/#Person","name":"Canarias Confidencial","url":"https:\/\/www.canariasconfidencial.com\/author\/admin\/","image":{"@type":"ImageObject","@id":"https:\/\/secure.gravatar.com\/avatar\/44ad1b7f51be99230dbaef835819598e?s=96&d=mm&r=g","url":"https:\/\/secure.gravatar.com\/avatar\/44ad1b7f51be99230dbaef835819598e?s=96&d=mm&r=g","height":96,"width":96}},"publisher":{"@type":"Organization","name":"Canarias Confidencial","logo":{"@type":"ImageObject","@id":"https:\/\/www.canariasconfidencial.com\/wp-content\/uploads\/2018\/07\/Canarias-Confidencial-1.png","url":"https:\/\/www.canariasconfidencial.com\/wp-content\/uploads\/2018\/07\/Canarias-Confidencial-1.png","width":600,"height":100}},"image":{"@type":"ImageObject","@id":"http:\/\/www.ucarecdn.com\/2a10819f-3ea8-4f5a-b76a-716b133d92ba\/-\/crop\/1065x353\/80,270\/-\/preview\/","url":"http:\/\/www.ucarecdn.com\/2a10819f-3ea8-4f5a-b76a-716b133d92ba\/-\/crop\/1065x353\/80,270\/-\/preview\/","height":"","width":""},"url":"https:\/\/www.canariasconfidencial.com\/gran-canaria\/galdar-vivira-un-mes-de-julio-dedicado-a-las-fiestas-mayores-de-santiago\/","about":["Gran Canaria"],"wordCount":648},{"@context":"https:\/\/schema.org\/","@type":"BreadcrumbList","itemListElement":[{"@type":"ListItem","position":1,"name":"Gran Canaria","item":"https:\/\/www.canariasconfidencial.com\/gran-canaria\/#breadcrumbitem"},{"@type":"ListItem","position":2,"name":"G\u00e1ldar vivir\u00e1 un mes de julio dedicado a las Fiestas Mayores de Santiago","item":"https:\/\/www.canariasconfidencial.com\/gran-canaria\/galdar-vivira-un-mes-de-julio-dedicado-a-las-fiestas-mayores-de-santiago\/#breadcrumbitem"}]}]