[{"@context":"https:\/\/schema.org\/","@type":"BlogPosting","@id":"https:\/\/www.canariasconfidencial.com\/gran-canaria\/guia-acoge-una-charla-sobre-prevencion-de-violencia-de-genero-entre-adolescentes-y-jovenes\/#BlogPosting","mainEntityOfPage":"https:\/\/www.canariasconfidencial.com\/gran-canaria\/guia-acoge-una-charla-sobre-prevencion-de-violencia-de-genero-entre-adolescentes-y-jovenes\/","headline":"Gu\u00eda acoge una charla sobre prevenci\u00f3n de violencia de g\u00e9nero entre adolescentes y j\u00f3venes","name":"Gu\u00eda acoge una charla sobre prevenci\u00f3n de violencia de g\u00e9nero entre adolescentes y j\u00f3venes","description":"La Concejal&iacute;a de Igualdad, Servicio de Prevenci&oacute;n y Atenci&oacute;n a V&iacute;ctimas de Violencia de G&eacute;nero, que dirige Naiara del Pino, celebra este jueves, 27 de octubre, en la Casa de la Cultura, una charla sobre &quot;Prevenci&oacute;n de la Violencia de G&eacute;nero entre adolescentes y j&oacute;venes&quot; impartida por Nira Santana, Agente de Igualdad del Servicio Insular [&hellip;]","datePublished":"2016-10-27","dateModified":"2016-10-27","author":{"@type":"Person","@id":"https:\/\/www.canariasconfidencial.com\/author\/admin\/#Person","name":"Canarias Confidencial","url":"https:\/\/www.canariasconfidencial.com\/author\/admin\/","image":{"@type":"ImageObject","@id":"https:\/\/secure.gravatar.com\/avatar\/44ad1b7f51be99230dbaef835819598e?s=96&d=mm&r=g","url":"https:\/\/secure.gravatar.com\/avatar\/44ad1b7f51be99230dbaef835819598e?s=96&d=mm&r=g","height":96,"width":96}},"publisher":{"@type":"Organization","name":"Canarias Confidencial","logo":{"@type":"ImageObject","@id":"https:\/\/www.canariasconfidencial.com\/wp-content\/uploads\/2018\/07\/Canarias-Confidencial-1.png","url":"https:\/\/www.canariasconfidencial.com\/wp-content\/uploads\/2018\/07\/Canarias-Confidencial-1.png","width":600,"height":100}},"image":{"@type":"ImageObject","@id":"http:\/\/www.infonortedigital.com\/portada\/images\/noticias\/Guia2015\/Guia_2016\/adolescentescharla.jpg","url":"http:\/\/www.infonortedigital.com\/portada\/images\/noticias\/Guia2015\/Guia_2016\/adolescentescharla.jpg","height":"","width":""},"url":"https:\/\/www.canariasconfidencial.com\/gran-canaria\/guia-acoge-una-charla-sobre-prevencion-de-violencia-de-genero-entre-adolescentes-y-jovenes\/","about":["Gran Canaria"],"wordCount":282},{"@context":"https:\/\/schema.org\/","@type":"BreadcrumbList","itemListElement":[{"@type":"ListItem","position":1,"name":"Gran Canaria","item":"https:\/\/www.canariasconfidencial.com\/gran-canaria\/#breadcrumbitem"},{"@type":"ListItem","position":2,"name":"Gu\u00eda acoge una charla sobre prevenci\u00f3n de violencia de g\u00e9nero entre adolescentes y j\u00f3venes","item":"https:\/\/www.canariasconfidencial.com\/gran-canaria\/guia-acoge-una-charla-sobre-prevencion-de-violencia-de-genero-entre-adolescentes-y-jovenes\/#breadcrumbitem"}]}]