[{"@context":"https:\/\/schema.org\/","@type":"BlogPosting","@id":"https:\/\/www.canariasconfidencial.com\/gran-canaria\/guia-celebra-este-viernes-el-dia-de-la-infancia\/#BlogPosting","mainEntityOfPage":"https:\/\/www.canariasconfidencial.com\/gran-canaria\/guia-celebra-este-viernes-el-dia-de-la-infancia\/","headline":"Gu\u00eda celebra este viernes el D\u00eda de la Infancia","name":"Gu\u00eda celebra este viernes el D\u00eda de la Infancia","description":"&nbsp; &nbsp; &nbsp; &nbsp; &nbsp; &nbsp; &nbsp; La Plaza Grande de Gu&iacute;a acoger&aacute; este viernes, 18 de noviembre, a partir de las 17.30 horas, una jornada de actividades para disfrutar en familia con motivo del D&iacute;a Internacional de los Derechos de la Infancia que se conmemora el 20 de noviembre. Las actividades dar&aacute;n comienzo con [&hellip;]","datePublished":"2016-11-18","dateModified":"2016-11-18","author":{"@type":"Person","@id":"https:\/\/www.canariasconfidencial.com\/author\/admin\/#Person","name":"Canarias Confidencial","url":"https:\/\/www.canariasconfidencial.com\/author\/admin\/","image":{"@type":"ImageObject","@id":"https:\/\/secure.gravatar.com\/avatar\/44ad1b7f51be99230dbaef835819598e?s=96&d=mm&r=g","url":"https:\/\/secure.gravatar.com\/avatar\/44ad1b7f51be99230dbaef835819598e?s=96&d=mm&r=g","height":96,"width":96}},"publisher":{"@type":"Organization","name":"Canarias Confidencial","logo":{"@type":"ImageObject","@id":"https:\/\/www.canariasconfidencial.com\/wp-content\/uploads\/2018\/07\/Canarias-Confidencial-1.png","url":"https:\/\/www.canariasconfidencial.com\/wp-content\/uploads\/2018\/07\/Canarias-Confidencial-1.png","width":600,"height":100}},"image":{"@type":"ImageObject","@id":"http:\/\/www.infonortedigital.com\/portada\/images\/noticias\/Guia2015\/Guia_2016\/CARTEL_DIA_INFANCIA_1.jpg","url":"http:\/\/www.infonortedigital.com\/portada\/images\/noticias\/Guia2015\/Guia_2016\/CARTEL_DIA_INFANCIA_1.jpg","height":"","width":""},"url":"https:\/\/www.canariasconfidencial.com\/gran-canaria\/guia-celebra-este-viernes-el-dia-de-la-infancia\/","about":["Gran Canaria"],"wordCount":233},{"@context":"https:\/\/schema.org\/","@type":"BreadcrumbList","itemListElement":[{"@type":"ListItem","position":1,"name":"Gran Canaria","item":"https:\/\/www.canariasconfidencial.com\/gran-canaria\/#breadcrumbitem"},{"@type":"ListItem","position":2,"name":"Gu\u00eda celebra este viernes el D\u00eda de la Infancia","item":"https:\/\/www.canariasconfidencial.com\/gran-canaria\/guia-celebra-este-viernes-el-dia-de-la-infancia\/#breadcrumbitem"}]}]