[{"@context":"https:\/\/schema.org\/","@type":"BlogPosting","@id":"https:\/\/www.canariasconfidencial.com\/gran-canaria\/guia-muestra-las-ofertas-para-el-sector-de-eventos-sociales-en-la-feria-dias-de-celebracion-videos\/#BlogPosting","mainEntityOfPage":"https:\/\/www.canariasconfidencial.com\/gran-canaria\/guia-muestra-las-ofertas-para-el-sector-de-eventos-sociales-en-la-feria-dias-de-celebracion-videos\/","headline":"Gu\u00eda muestra las ofertas para el sector de eventos sociales en la feria &#171;D\u00edas de Celebraci\u00f3n&#187; (V\u00eddeos)","name":"Gu\u00eda muestra las ofertas para el sector de eventos sociales en la feria &#171;D\u00edas de Celebraci\u00f3n&#187; (V\u00eddeos)","description":"Related posts:G\u00e1ldar celebra las \u201cI Jornadas del Mayor\u201d del 25 al 29 de SeptiembreAyuntamiento de Ingenio y Construplan firman contrato para ejecutar el Equipamiento Cultural-Antiguo...La condici\u00f3n posmoderna nos deja una crisis de sentido de nuestra vida. \u00bfQu\u00e9 hacer?","datePublished":"2017-03-12","dateModified":"2017-03-12","author":{"@type":"Person","@id":"https:\/\/www.canariasconfidencial.com\/author\/admin\/#Person","name":"Canarias Confidencial","url":"https:\/\/www.canariasconfidencial.com\/author\/admin\/","image":{"@type":"ImageObject","@id":"https:\/\/secure.gravatar.com\/avatar\/44ad1b7f51be99230dbaef835819598e?s=96&d=mm&r=g","url":"https:\/\/secure.gravatar.com\/avatar\/44ad1b7f51be99230dbaef835819598e?s=96&d=mm&r=g","height":96,"width":96}},"publisher":{"@type":"Organization","name":"Canarias Confidencial","logo":{"@type":"ImageObject","@id":"https:\/\/www.canariasconfidencial.com\/wp-content\/uploads\/2018\/07\/Canarias-Confidencial-1.png","url":"https:\/\/www.canariasconfidencial.com\/wp-content\/uploads\/2018\/07\/Canarias-Confidencial-1.png","width":600,"height":100}},"image":{"@type":"ImageObject","@id":"http:\/\/www.infonortedigital.com\/portada\/images\/noticias\/Guia2015\/Guia_2017\/diasdecelebracionguai2017.jpeg","url":"http:\/\/www.infonortedigital.com\/portada\/images\/noticias\/Guia2015\/Guia_2017\/diasdecelebracionguai2017.jpeg","height":"","width":""},"url":"https:\/\/www.canariasconfidencial.com\/gran-canaria\/guia-muestra-las-ofertas-para-el-sector-de-eventos-sociales-en-la-feria-dias-de-celebracion-videos\/","about":["Gran Canaria"],"wordCount":40},{"@context":"https:\/\/schema.org\/","@type":"BreadcrumbList","itemListElement":[{"@type":"ListItem","position":1,"name":"Gran Canaria","item":"https:\/\/www.canariasconfidencial.com\/gran-canaria\/#breadcrumbitem"},{"@type":"ListItem","position":2,"name":"Gu\u00eda muestra las ofertas para el sector de eventos sociales en la feria &#171;D\u00edas de Celebraci\u00f3n&#187; (V\u00eddeos)","item":"https:\/\/www.canariasconfidencial.com\/gran-canaria\/guia-muestra-las-ofertas-para-el-sector-de-eventos-sociales-en-la-feria-dias-de-celebracion-videos\/#breadcrumbitem"}]}]