[{"@context":"https:\/\/schema.org\/","@type":"BlogPosting","@id":"https:\/\/www.canariasconfidencial.com\/gran-canaria\/hablamos-de-cine-con-mario-hernandez-sangines\/#BlogPosting","mainEntityOfPage":"https:\/\/www.canariasconfidencial.com\/gran-canaria\/hablamos-de-cine-con-mario-hernandez-sangines\/","headline":"Hablamos de cine con Mario Hern\u00e1ndez Sangin\u00e9s","name":"Hablamos de cine con Mario Hern\u00e1ndez Sangin\u00e9s","description":"&nbsp; &nbsp; Bienvenido al club presenta &quot;Hablamos de cine con Mario Hern&aacute;ndez Sangin&eacute;s&quot;. Jorge Alem&aacute;n y Mario Hern&aacute;ndez hablan de cine de forma desenfadada y coloquial&nbsp;y a su vez con un profundo conocimientos del tema que va desde directores, actores, actrices, &eacute;pocas, an&eacute;cdotas, fotograf&iacute;a, guionistas&#8230; La triolog&iacute;a de Jhon Ford a la caballeria americana Ford [&hellip;]","datePublished":"2015-10-01","dateModified":"2015-10-01","author":{"@type":"Person","@id":"https:\/\/www.canariasconfidencial.com\/author\/admin\/#Person","name":"Canarias Confidencial","url":"https:\/\/www.canariasconfidencial.com\/author\/admin\/","image":{"@type":"ImageObject","@id":"https:\/\/secure.gravatar.com\/avatar\/44ad1b7f51be99230dbaef835819598e?s=96&d=mm&r=g","url":"https:\/\/secure.gravatar.com\/avatar\/44ad1b7f51be99230dbaef835819598e?s=96&d=mm&r=g","height":96,"width":96}},"publisher":{"@type":"Organization","name":"Canarias Confidencial","logo":{"@type":"ImageObject","@id":"https:\/\/www.canariasconfidencial.com\/wp-content\/uploads\/2018\/07\/Canarias-Confidencial-1.png","url":"https:\/\/www.canariasconfidencial.com\/wp-content\/uploads\/2018\/07\/Canarias-Confidencial-1.png","width":600,"height":100}},"image":{"@type":"ImageObject","@id":"http:\/\/www.ucarecdn.com\/73ed56df-279f-48cf-b2f9-8bfc985be902\/-\/preview\/","url":"http:\/\/www.ucarecdn.com\/73ed56df-279f-48cf-b2f9-8bfc985be902\/-\/preview\/","height":"","width":""},"url":"https:\/\/www.canariasconfidencial.com\/gran-canaria\/hablamos-de-cine-con-mario-hernandez-sangines\/","video":[{"@context":"http:\/\/schema.org\/","@type":"VideoObject","@id":"https:\/\/www.youtube.com\/watch?v=QBlg_BDkEAg#VideoObject","contentUrl":"https:\/\/www.youtube.com\/watch?v=QBlg_BDkEAg","name":"Trilogie John Ford John Wayne 1 Fort Apache 1948","description":"montage video du film Fort Apache de John Ford avec John Wayne 1948 1er de la trilogie sur la cavalerie am\u00e9ricaine avec La Charge H\u00e9ro\u00eeque 1949 et Rio Grande 1950 la musique est celle du 7th calvary march","thumbnailUrl":["https:\/\/i.ytimg.com\/vi\/QBlg_BDkEAg\/default.jpg","https:\/\/i.ytimg.com\/vi\/QBlg_BDkEAg\/mqdefault.jpg","https:\/\/i.ytimg.com\/vi\/QBlg_BDkEAg\/hqdefault.jpg","https:\/\/i.ytimg.com\/vi\/QBlg_BDkEAg\/sddefault.jpg"],"uploadDate":"2012-11-22T21:56:39+00:00","duration":"PT3M5S","embedUrl":"https:\/\/www.youtube.com\/embed\/QBlg_BDkEAg","publisher":{"@type":"Organization","@id":"https:\/\/www.youtube.com\/channel\/UCJ7rYijHVShi5Yl3g4Cm17Q#Organization","url":"https:\/\/www.youtube.com\/channel\/UCJ7rYijHVShi5Yl3g4Cm17Q","name":"steff280","description":"","logo":{"url":"https:\/\/yt3.ggpht.com\/ytc\/AIdro_nodLixXV3MaAF2r4o66JPJ4HMHBucC6W596W3PTSs=s800-c-k-c0x00ffffff-no-rj","width":800,"height":800,"@type":"ImageObject","@id":"https:\/\/www.youtube.com\/watch?v=QBlg_BDkEAg#VideoObject_publisher_logo_ImageObject"}},"potentialAction":{"@type":"SeekToAction","@id":"https:\/\/www.youtube.com\/watch?v=QBlg_BDkEAg#VideoObject_potentialAction","target":"https:\/\/www.youtube.com\/watch?v=QBlg_BDkEAg&t={seek_to_second_number}","startOffset-input":"required name=seek_to_second_number"},"interactionStatistic":[[{"@type":"InteractionCounter","@id":"https:\/\/www.youtube.com\/watch?v=QBlg_BDkEAg#VideoObject_interactionStatistic_WatchAction","interactionType":{"@type":"WatchAction"},"userInteractionCount":146557}],{"@type":"InteractionCounter","@id":"https:\/\/www.youtube.com\/watch?v=QBlg_BDkEAg#VideoObject_interactionStatistic_LikeAction","interactionType":{"@type":"LikeAction"},"userInteractionCount":211}]},{"@context":"http:\/\/schema.org\/","@type":"VideoObject","@id":"https:\/\/www.youtube.com\/watch?v=6U0Su_CghHo#VideoObject","contentUrl":"https:\/\/www.youtube.com\/watch?v=6U0Su_CghHo","name":"LA LEGION  INVENCIBLE","description":" ","thumbnailUrl":["https:\/\/i.ytimg.com\/vi\/6U0Su_CghHo\/default.jpg","https:\/\/i.ytimg.com\/vi\/6U0Su_CghHo\/mqdefault.jpg","https:\/\/i.ytimg.com\/vi\/6U0Su_CghHo\/hqdefault.jpg","https:\/\/i.ytimg.com\/vi\/6U0Su_CghHo\/sddefault.jpg"],"uploadDate":"2012-06-02T23:54:05+00:00","duration":"PT2M50S","embedUrl":"https:\/\/www.youtube.com\/embed\/6U0Su_CghHo","publisher":{"@type":"Organization","@id":"https:\/\/www.youtube.com\/channel\/UC5vFpDDxGd4astLE5-bNvXA#Organization","url":"https:\/\/www.youtube.com\/channel\/UC5vFpDDxGd4astLE5-bNvXA","name":"rodrigo galeano","description":"","logo":{"url":"https:\/\/yt3.ggpht.com\/ytc\/AIdro_m6nzytkMl8-q8RUlGdHHEwZJqSVs8Sz8jmicRNjps=s800-c-k-c0x00ffffff-no-rj","width":800,"height":800,"@type":"ImageObject","@id":"https:\/\/www.youtube.com\/watch?v=6U0Su_CghHo#VideoObject_publisher_logo_ImageObject"}},"potentialAction":{"@type":"SeekToAction","@id":"https:\/\/www.youtube.com\/watch?v=6U0Su_CghHo#VideoObject_potentialAction","target":"https:\/\/www.youtube.com\/watch?v=6U0Su_CghHo&t={seek_to_second_number}","startOffset-input":"required name=seek_to_second_number"},"interactionStatistic":[[{"@type":"InteractionCounter","@id":"https:\/\/www.youtube.com\/watch?v=6U0Su_CghHo#VideoObject_interactionStatistic_WatchAction","interactionType":{"@type":"WatchAction"},"userInteractionCount":67429}],{"@type":"InteractionCounter","@id":"https:\/\/www.youtube.com\/watch?v=6U0Su_CghHo#VideoObject_interactionStatistic_LikeAction","interactionType":{"@type":"LikeAction"},"userInteractionCount":154}]},null],"about":["Gran Canaria"],"wordCount":1432},{"@context":"https:\/\/schema.org\/","@type":"BreadcrumbList","itemListElement":[{"@type":"ListItem","position":1,"name":"Gran Canaria","item":"https:\/\/www.canariasconfidencial.com\/gran-canaria\/#breadcrumbitem"},{"@type":"ListItem","position":2,"name":"Hablamos de cine con Mario Hern\u00e1ndez Sangin\u00e9s","item":"https:\/\/www.canariasconfidencial.com\/gran-canaria\/hablamos-de-cine-con-mario-hernandez-sangines\/#breadcrumbitem"}]}]