[{"@context":"https:\/\/schema.org\/","@type":"BlogPosting","@id":"https:\/\/www.canariasconfidencial.com\/gran-canaria\/hernan-y-bigas_-los-refuerzos-de-setien\/#BlogPosting","mainEntityOfPage":"https:\/\/www.canariasconfidencial.com\/gran-canaria\/hernan-y-bigas_-los-refuerzos-de-setien\/","headline":"Hern\u00e1n y Bigas, los refuerzos de Seti\u00e9n","name":"Hern\u00e1n y Bigas, los refuerzos de Seti\u00e9n","description":"&nbsp; &nbsp; Quiz&aacute; no sean altas tan llamativas porque se trata de dos jugadores que ya formaban parte de la plantilla pero seguro que&nbsp;Quique Seti&eacute;n&nbsp;recibe de buena gana la recuperaci&oacute;n tanto de&nbsp;Hern&aacute;n Santana&nbsp;como de&nbsp;Pedro Bigas. Los dos futbolistas sufrieron sendas lesiones que les tuvieron apartados de los terrenos de juego durante muchas semanas y ambos [&hellip;]","datePublished":"2016-02-03","dateModified":"2016-02-03","author":{"@type":"Person","@id":"https:\/\/www.canariasconfidencial.com\/author\/admin\/#Person","name":"Canarias Confidencial","url":"https:\/\/www.canariasconfidencial.com\/author\/admin\/","image":{"@type":"ImageObject","@id":"https:\/\/secure.gravatar.com\/avatar\/44ad1b7f51be99230dbaef835819598e?s=96&d=mm&r=g","url":"https:\/\/secure.gravatar.com\/avatar\/44ad1b7f51be99230dbaef835819598e?s=96&d=mm&r=g","height":96,"width":96}},"publisher":{"@type":"Organization","name":"Canarias Confidencial","logo":{"@type":"ImageObject","@id":"https:\/\/www.canariasconfidencial.com\/wp-content\/uploads\/2018\/07\/Canarias-Confidencial-1.png","url":"https:\/\/www.canariasconfidencial.com\/wp-content\/uploads\/2018\/07\/Canarias-Confidencial-1.png","width":600,"height":100}},"image":{"@type":"ImageObject","@id":"http:\/\/www.udlaspalmas.net\/wp-content\/2016\/02\/DSC_0921-640x367.jpg","url":"http:\/\/www.udlaspalmas.net\/wp-content\/2016\/02\/DSC_0921-640x367.jpg","height":"","width":""},"url":"https:\/\/www.canariasconfidencial.com\/gran-canaria\/hernan-y-bigas_-los-refuerzos-de-setien\/","about":["Gran Canaria"],"wordCount":705},{"@context":"https:\/\/schema.org\/","@type":"BreadcrumbList","itemListElement":[{"@type":"ListItem","position":1,"name":"Gran Canaria","item":"https:\/\/www.canariasconfidencial.com\/gran-canaria\/#breadcrumbitem"},{"@type":"ListItem","position":2,"name":"Hern\u00e1n y Bigas, los refuerzos de Seti\u00e9n","item":"https:\/\/www.canariasconfidencial.com\/gran-canaria\/hernan-y-bigas_-los-refuerzos-de-setien\/#breadcrumbitem"}]}]