[{"@context":"https:\/\/schema.org\/","@type":"BlogPosting","@id":"https:\/\/www.canariasconfidencial.com\/gran-canaria\/javier-santana-y-chema-reyes-seguiran-al-frente-del-juvenil-nacional-de-ud-guia\/#BlogPosting","mainEntityOfPage":"https:\/\/www.canariasconfidencial.com\/gran-canaria\/javier-santana-y-chema-reyes-seguiran-al-frente-del-juvenil-nacional-de-ud-guia\/","headline":"Javier Santana y Chema Reyes seguir\u00e1n al frente del Juvenil Nacional de UD Gu\u00eda","name":"Javier Santana y Chema Reyes seguir\u00e1n al frente del Juvenil Nacional de UD Gu\u00eda","description":"&nbsp; Tras el exitoso debut en Divisi&oacute;n de Honor, donde el equipo logr&oacute; la permanencia a falta de cuatro jornadas y sin estar ni una jornada en descenso, la UD Gu&iacute;a comienza a perfilar la temporada 2017\/2018. La direcci&oacute;n deportiva cerr&oacute; recientemente la renovaci&oacute;n del cuerpo t&eacute;cnico del primer equipo Juvenil. El t&aacute;ndem formado por [&hellip;]","datePublished":"2017-07-05","dateModified":"2017-07-05","author":{"@type":"Person","@id":"https:\/\/www.canariasconfidencial.com\/author\/admin\/#Person","name":"Canarias Confidencial","url":"https:\/\/www.canariasconfidencial.com\/author\/admin\/","image":{"@type":"ImageObject","@id":"https:\/\/secure.gravatar.com\/avatar\/44ad1b7f51be99230dbaef835819598e?s=96&d=mm&r=g","url":"https:\/\/secure.gravatar.com\/avatar\/44ad1b7f51be99230dbaef835819598e?s=96&d=mm&r=g","height":96,"width":96}},"publisher":{"@type":"Organization","name":"Canarias Confidencial","logo":{"@type":"ImageObject","@id":"https:\/\/www.canariasconfidencial.com\/wp-content\/uploads\/2018\/07\/Canarias-Confidencial-1.png","url":"https:\/\/www.canariasconfidencial.com\/wp-content\/uploads\/2018\/07\/Canarias-Confidencial-1.png","width":600,"height":100}},"image":{"@type":"ImageObject","@id":"http:\/\/www.infonortedigital.com\/portada\/images\/noticias\/futbolbase2015\/Temporada_17-18\/chema_y_javi.jpg","url":"http:\/\/www.infonortedigital.com\/portada\/images\/noticias\/futbolbase2015\/Temporada_17-18\/chema_y_javi.jpg","height":"","width":""},"url":"https:\/\/www.canariasconfidencial.com\/gran-canaria\/javier-santana-y-chema-reyes-seguiran-al-frente-del-juvenil-nacional-de-ud-guia\/","about":["Gran Canaria"],"wordCount":266},{"@context":"https:\/\/schema.org\/","@type":"BreadcrumbList","itemListElement":[{"@type":"ListItem","position":1,"name":"Gran Canaria","item":"https:\/\/www.canariasconfidencial.com\/gran-canaria\/#breadcrumbitem"},{"@type":"ListItem","position":2,"name":"Javier Santana y Chema Reyes seguir\u00e1n al frente del Juvenil Nacional de UD Gu\u00eda","item":"https:\/\/www.canariasconfidencial.com\/gran-canaria\/javier-santana-y-chema-reyes-seguiran-al-frente-del-juvenil-nacional-de-ud-guia\/#breadcrumbitem"}]}]