[{"@context":"https:\/\/schema.org\/","@type":"BlogPosting","@id":"https:\/\/www.canariasconfidencial.com\/gran-canaria\/jornada-fructifera-para-la-base-amarilla\/#BlogPosting","mainEntityOfPage":"https:\/\/www.canariasconfidencial.com\/gran-canaria\/jornada-fructifera-para-la-base-amarilla\/","headline":"Jornada fruct\u00edfera para la base amarilla","name":"Jornada fruct\u00edfera para la base amarilla","description":"Related posts:\u201cLa Imaginer\u00eda de Luj\u00e1n en el Templo de Santa Mar\u00eda de Gu\u00eda\u2018Victor Hugo: Te deseoLIBROS A LA CARTA","datePublished":"2016-12-05","dateModified":"2016-12-05","author":{"@type":"Person","@id":"https:\/\/www.canariasconfidencial.com\/author\/admin\/#Person","name":"Canarias Confidencial","url":"https:\/\/www.canariasconfidencial.com\/author\/admin\/","image":{"@type":"ImageObject","@id":"https:\/\/secure.gravatar.com\/avatar\/44ad1b7f51be99230dbaef835819598e?s=96&d=mm&r=g","url":"https:\/\/secure.gravatar.com\/avatar\/44ad1b7f51be99230dbaef835819598e?s=96&d=mm&r=g","height":96,"width":96}},"publisher":{"@type":"Organization","name":"Canarias Confidencial","logo":{"@type":"ImageObject","@id":"https:\/\/www.canariasconfidencial.com\/wp-content\/uploads\/2018\/07\/Canarias-Confidencial-1.png","url":"https:\/\/www.canariasconfidencial.com\/wp-content\/uploads\/2018\/07\/Canarias-Confidencial-1.png","width":600,"height":100}},"image":{"@type":"ImageObject","@id":"http:\/\/files.proyectoclubes.com\/las-palmas\/201612\/662x372a_05163158lpat.jpg","url":"http:\/\/files.proyectoclubes.com\/las-palmas\/201612\/662x372a_05163158lpat.jpg","height":"","width":""},"url":"https:\/\/www.canariasconfidencial.com\/gran-canaria\/jornada-fructifera-para-la-base-amarilla\/","about":["Gran Canaria"],"wordCount":25},{"@context":"https:\/\/schema.org\/","@type":"BreadcrumbList","itemListElement":[{"@type":"ListItem","position":1,"name":"Gran Canaria","item":"https:\/\/www.canariasconfidencial.com\/gran-canaria\/#breadcrumbitem"},{"@type":"ListItem","position":2,"name":"Jornada fruct\u00edfera para la base amarilla","item":"https:\/\/www.canariasconfidencial.com\/gran-canaria\/jornada-fructifera-para-la-base-amarilla\/#breadcrumbitem"}]}]