[{"@context":"https:\/\/schema.org\/","@type":"BlogPosting","@id":"https:\/\/www.canariasconfidencial.com\/gran-canaria\/jornada-sobre-memoria-historica-con-la-participacion-de-la-bella-voz-de-lucia-socam-organizada-por-el-cabildo\/#BlogPosting","mainEntityOfPage":"https:\/\/www.canariasconfidencial.com\/gran-canaria\/jornada-sobre-memoria-historica-con-la-participacion-de-la-bella-voz-de-lucia-socam-organizada-por-el-cabildo\/","headline":"Jornada sobre memoria hist\u00f3rica con la participaci\u00f3n de la bella voz de Luc\u00eda S\u00f3cam organizada por el Cabildo","name":"Jornada sobre memoria hist\u00f3rica con la participaci\u00f3n de la bella voz de Luc\u00eda S\u00f3cam organizada por el Cabildo","description":"&nbsp; El Cabildo de Gran Canaria celebrar&aacute; una jornada dedicada a la memoria hist&oacute;rica con la mesa redonda &ldquo;Derechos humanos en Canarias: la represi&oacute;n franquista&rdquo;, que contar&aacute; con la participaci&oacute;n de la bella voz de la cantautora andaluza Luc&iacute;a S&oacute;cam y el autor del libro &ldquo;Tormenta en la memoria&rdquo;, Francisco Gonz&aacute;lez, seg&uacute;n informa el consejero [&hellip;]","datePublished":"2016-04-06","dateModified":"2016-04-06","author":{"@type":"Person","@id":"https:\/\/www.canariasconfidencial.com\/author\/admin\/#Person","name":"Canarias Confidencial","url":"https:\/\/www.canariasconfidencial.com\/author\/admin\/","image":{"@type":"ImageObject","@id":"https:\/\/secure.gravatar.com\/avatar\/44ad1b7f51be99230dbaef835819598e?s=96&d=mm&r=g","url":"https:\/\/secure.gravatar.com\/avatar\/44ad1b7f51be99230dbaef835819598e?s=96&d=mm&r=g","height":96,"width":96}},"publisher":{"@type":"Organization","name":"Canarias Confidencial","logo":{"@type":"ImageObject","@id":"https:\/\/www.canariasconfidencial.com\/wp-content\/uploads\/2018\/07\/Canarias-Confidencial-1.png","url":"https:\/\/www.canariasconfidencial.com\/wp-content\/uploads\/2018\/07\/Canarias-Confidencial-1.png","width":600,"height":100}},"image":{"@type":"ImageObject","@id":"http:\/\/www.ucarecdn.com\/49d4034f-246f-4a0e-a25e-7b530d556d43\/-\/preview\/","url":"http:\/\/www.ucarecdn.com\/49d4034f-246f-4a0e-a25e-7b530d556d43\/-\/preview\/","height":"","width":""},"url":"https:\/\/www.canariasconfidencial.com\/gran-canaria\/jornada-sobre-memoria-historica-con-la-participacion-de-la-bella-voz-de-lucia-socam-organizada-por-el-cabildo\/","video":{"@context":"http:\/\/schema.org\/","@type":"VideoObject","@id":"https:\/\/www.youtube.com\/watch?v=ZsFU9lFBZKI#VideoObject","contentUrl":"https:\/\/www.youtube.com\/watch?v=ZsFU9lFBZKI","name":"OTERO, nuevo disco de Luc\u00eda S\u00f3cam dedicado a Blas de Otero.","description":"Tras un a\u00f1o de intenso estudio de las obras completas del poeta, Luc\u00eda S\u00f3cam ofrece una selecci\u00f3n de poemas que nos muestran lo momentos de la obra que ha considerado m\u00e1s importantes o bellos para  conectar con el presente. El poeta as\u00ed recibe en el centenario de su nacimiento un homenaje desde los acordes y la voz de Luc\u00eda S\u00f3cam, juntos a otros grandes artistas como Jos\u00e9 Delgado (Venezuela), Vicente Feli\u00fa (Cuba) o Chipi de La Canalla (Andaluc\u00eda). Adem\u00e1s, musicaliza un poema del poeta gaditano Juan Jos\u00e9 T\u00e9llez.\nConsigue el disco aqu\u00ed: http:\/\/www.libreria-atrapasuenos.com\/inicio\/146-otero-lucia-socam.html?live_configurator_token=58d14cffaadb11fc81705054fd9c5e6a&id_shop=1&id_employee=1&theme=theme2&theme_font=\n\nwww.luciasocam.es\ncarambolo.sca@gmail.com","thumbnailUrl":["https:\/\/i.ytimg.com\/vi\/ZsFU9lFBZKI\/default.jpg","https:\/\/i.ytimg.com\/vi\/ZsFU9lFBZKI\/mqdefault.jpg","https:\/\/i.ytimg.com\/vi\/ZsFU9lFBZKI\/hqdefault.jpg"],"uploadDate":"2016-03-15T09:17:18+00:00","duration":"PT52S","embedUrl":"https:\/\/www.youtube.com\/embed\/ZsFU9lFBZKI","publisher":{"@type":"Organization","@id":"https:\/\/www.youtube.com\/channel\/UCCj0A1RuY6bshKTVNU5hrow#Organization","url":"https:\/\/www.youtube.com\/channel\/UCCj0A1RuY6bshKTVNU5hrow","name":"CARAMBOLO sca","description":"","logo":{"url":"https:\/\/yt3.ggpht.com\/ytc\/AIdro_merzrTrwL740BDPzRkoPQTLWmtIE41pN05TPi_OUJ5mAE=s800-c-k-c0x00ffffff-no-rj","width":800,"height":800,"@type":"ImageObject","@id":"https:\/\/www.youtube.com\/watch?v=ZsFU9lFBZKI#VideoObject_publisher_logo_ImageObject"}},"potentialAction":{"@type":"SeekToAction","@id":"https:\/\/www.youtube.com\/watch?v=ZsFU9lFBZKI#VideoObject_potentialAction","target":"https:\/\/www.youtube.com\/watch?v=ZsFU9lFBZKI&t={seek_to_second_number}","startOffset-input":"required name=seek_to_second_number"},"interactionStatistic":[[{"@type":"InteractionCounter","@id":"https:\/\/www.youtube.com\/watch?v=ZsFU9lFBZKI#VideoObject_interactionStatistic_WatchAction","interactionType":{"@type":"WatchAction"},"userInteractionCount":3124}],{"@type":"InteractionCounter","@id":"https:\/\/www.youtube.com\/watch?v=ZsFU9lFBZKI#VideoObject_interactionStatistic_LikeAction","interactionType":{"@type":"LikeAction"},"userInteractionCount":34}]},"about":["Gran Canaria"],"wordCount":495},{"@context":"https:\/\/schema.org\/","@type":"BreadcrumbList","itemListElement":[{"@type":"ListItem","position":1,"name":"Gran Canaria","item":"https:\/\/www.canariasconfidencial.com\/gran-canaria\/#breadcrumbitem"},{"@type":"ListItem","position":2,"name":"Jornada sobre memoria hist\u00f3rica con la participaci\u00f3n de la bella voz de Luc\u00eda S\u00f3cam organizada por el Cabildo","item":"https:\/\/www.canariasconfidencial.com\/gran-canaria\/jornada-sobre-memoria-historica-con-la-participacion-de-la-bella-voz-de-lucia-socam-organizada-por-el-cabildo\/#breadcrumbitem"}]}]