[{"@context":"https:\/\/schema.org\/","@type":"BlogPosting","@id":"https:\/\/www.canariasconfidencial.com\/gran-canaria\/jose-manuel-santana-pregono-las-fiestas-de-san-pedro-de-la-atalaya-de-guia\/#BlogPosting","mainEntityOfPage":"https:\/\/www.canariasconfidencial.com\/gran-canaria\/jose-manuel-santana-pregono-las-fiestas-de-san-pedro-de-la-atalaya-de-guia\/","headline":"Jos\u00e9 Manuel Santana pregon\u00f3 las fiestas de San Pedro de La Atalaya de Gu\u00eda","name":"Jos\u00e9 Manuel Santana pregon\u00f3 las fiestas de San Pedro de La Atalaya de Gu\u00eda","description":"La plaza de San Pedro de La Atalaya acogi&oacute; este pasado s&aacute;bado, el preg&oacute;n anunciador de las fiestas patronales del barrio guiense, que estuvo a cargo de Jos&eacute; Manuel Santana. El pregonero comenz&oacute; indicando que &ldquo;La Atalaya; para aquellos que tenemos nuestras ra&iacute;ces y or&iacute;genes en este barrio, cabe hoy en d&iacute;a, bajo el t&eacute;rmino [&hellip;]","datePublished":"2017-06-12","dateModified":"2017-06-12","author":{"@type":"Person","@id":"https:\/\/www.canariasconfidencial.com\/author\/admin\/#Person","name":"Canarias Confidencial","url":"https:\/\/www.canariasconfidencial.com\/author\/admin\/","image":{"@type":"ImageObject","@id":"https:\/\/secure.gravatar.com\/avatar\/44ad1b7f51be99230dbaef835819598e?s=96&d=mm&r=g","url":"https:\/\/secure.gravatar.com\/avatar\/44ad1b7f51be99230dbaef835819598e?s=96&d=mm&r=g","height":96,"width":96}},"publisher":{"@type":"Organization","name":"Canarias Confidencial","logo":{"@type":"ImageObject","@id":"https:\/\/www.canariasconfidencial.com\/wp-content\/uploads\/2018\/07\/Canarias-Confidencial-1.png","url":"https:\/\/www.canariasconfidencial.com\/wp-content\/uploads\/2018\/07\/Canarias-Confidencial-1.png","width":600,"height":100}},"image":{"@type":"ImageObject","@id":"http:\/\/www.infonortedigital.com\/portada\/images\/noticias\/Guia2015\/Guia_2017\/jose_manuel_pregon.jpg","url":"http:\/\/www.infonortedigital.com\/portada\/images\/noticias\/Guia2015\/Guia_2017\/jose_manuel_pregon.jpg","height":"","width":""},"url":"https:\/\/www.canariasconfidencial.com\/gran-canaria\/jose-manuel-santana-pregono-las-fiestas-de-san-pedro-de-la-atalaya-de-guia\/","about":["Gran Canaria"],"wordCount":588},{"@context":"https:\/\/schema.org\/","@type":"BreadcrumbList","itemListElement":[{"@type":"ListItem","position":1,"name":"Gran Canaria","item":"https:\/\/www.canariasconfidencial.com\/gran-canaria\/#breadcrumbitem"},{"@type":"ListItem","position":2,"name":"Jos\u00e9 Manuel Santana pregon\u00f3 las fiestas de San Pedro de La Atalaya de Gu\u00eda","item":"https:\/\/www.canariasconfidencial.com\/gran-canaria\/jose-manuel-santana-pregono-las-fiestas-de-san-pedro-de-la-atalaya-de-guia\/#breadcrumbitem"}]}]