[{"@context":"https:\/\/schema.org\/","@type":"BlogPosting","@id":"https:\/\/www.canariasconfidencial.com\/gran-canaria\/la-atalaya-de-guia-celebro-el-dia-grande-de-sus-fiestas\/#BlogPosting","mainEntityOfPage":"https:\/\/www.canariasconfidencial.com\/gran-canaria\/la-atalaya-de-guia-celebro-el-dia-grande-de-sus-fiestas\/","headline":"La Atalaya de Gu\u00eda celebr\u00f3 el d\u00eda grande de sus fiestas","name":"La Atalaya de Gu\u00eda celebr\u00f3 el d\u00eda grande de sus fiestas","description":"La Atalaya de Santa Mar&iacute;a de Gu&iacute;a celebr&oacute; este domingo, el d&iacute;a grande de sus fiestas en honor a San Pedro. La ma&ntilde;ana estuvo dedicada a los actos religiosos con la celebraci&oacute;n de la solemne eucarist&iacute;a y posteriormente, la procesi&oacute;n de la imagen del santo por las calles principales del barrio, acompa&ntilde;ada por muchos vecinos, [&hellip;]","datePublished":"2017-07-03","dateModified":"2017-07-03","author":{"@type":"Person","@id":"https:\/\/www.canariasconfidencial.com\/author\/admin\/#Person","name":"Canarias Confidencial","url":"https:\/\/www.canariasconfidencial.com\/author\/admin\/","image":{"@type":"ImageObject","@id":"https:\/\/secure.gravatar.com\/avatar\/44ad1b7f51be99230dbaef835819598e?s=96&d=mm&r=g","url":"https:\/\/secure.gravatar.com\/avatar\/44ad1b7f51be99230dbaef835819598e?s=96&d=mm&r=g","height":96,"width":96}},"publisher":{"@type":"Organization","name":"Canarias Confidencial","logo":{"@type":"ImageObject","@id":"https:\/\/www.canariasconfidencial.com\/wp-content\/uploads\/2018\/07\/Canarias-Confidencial-1.png","url":"https:\/\/www.canariasconfidencial.com\/wp-content\/uploads\/2018\/07\/Canarias-Confidencial-1.png","width":600,"height":100}},"image":{"@type":"ImageObject","@id":"http:\/\/www.infonortedigital.com\/portada\/images\/noticias\/Guia2015\/Guia_2017\/carrozasatalaya2017.jpeg","url":"http:\/\/www.infonortedigital.com\/portada\/images\/noticias\/Guia2015\/Guia_2017\/carrozasatalaya2017.jpeg","height":"","width":""},"url":"https:\/\/www.canariasconfidencial.com\/gran-canaria\/la-atalaya-de-guia-celebro-el-dia-grande-de-sus-fiestas\/","about":["Gran Canaria"],"wordCount":208},{"@context":"https:\/\/schema.org\/","@type":"BreadcrumbList","itemListElement":[{"@type":"ListItem","position":1,"name":"Gran Canaria","item":"https:\/\/www.canariasconfidencial.com\/gran-canaria\/#breadcrumbitem"},{"@type":"ListItem","position":2,"name":"La Atalaya de Gu\u00eda celebr\u00f3 el d\u00eda grande de sus fiestas","item":"https:\/\/www.canariasconfidencial.com\/gran-canaria\/la-atalaya-de-guia-celebro-el-dia-grande-de-sus-fiestas\/#breadcrumbitem"}]}]