[{"@context":"https:\/\/schema.org\/","@type":"BlogPosting","@id":"https:\/\/www.canariasconfidencial.com\/gran-canaria\/la-bella-y-emblematica-villa-de-moya\/#BlogPosting","mainEntityOfPage":"https:\/\/www.canariasconfidencial.com\/gran-canaria\/la-bella-y-emblematica-villa-de-moya\/","headline":"La  bella y emblem\u00e1tica Villa de Moya","name":"La  bella y emblem\u00e1tica Villa de Moya","description":"&nbsp; V&iacute;deo promocional de la Villa de Moya (Gran Canaria), en el que se reflejan las bondades del municipio. Historia, monumentos de inter&eacute;s, cultura, espacios naturales, agricultura y ganader&iacute;a, gastronom&iacute;a o reposter&iacute;a. Bajo el lema &iexcl;Soy de Moya! Related posts:Presentaci\u00f3n de actuaciones previstas en materia de diversificaci\u00f3n econ\u00f3mica, energ\u00edas limpias y el...El C.D. Becerril organiza [&hellip;]","datePublished":"2016-01-14","dateModified":"2016-01-14","author":{"@type":"Person","@id":"https:\/\/www.canariasconfidencial.com\/author\/admin\/#Person","name":"Canarias Confidencial","url":"https:\/\/www.canariasconfidencial.com\/author\/admin\/","image":{"@type":"ImageObject","@id":"https:\/\/secure.gravatar.com\/avatar\/44ad1b7f51be99230dbaef835819598e?s=96&d=mm&r=g","url":"https:\/\/secure.gravatar.com\/avatar\/44ad1b7f51be99230dbaef835819598e?s=96&d=mm&r=g","height":96,"width":96}},"publisher":{"@type":"Organization","name":"Canarias Confidencial","logo":{"@type":"ImageObject","@id":"https:\/\/www.canariasconfidencial.com\/wp-content\/uploads\/2018\/07\/Canarias-Confidencial-1.png","url":"https:\/\/www.canariasconfidencial.com\/wp-content\/uploads\/2018\/07\/Canarias-Confidencial-1.png","width":600,"height":100}},"image":{"@type":"ImageObject","@id":"http:\/\/www.ucarecdn.com\/c1768ba9-64b8-4357-900b-a7f0fa632fe6\/-\/preview\/","url":"http:\/\/www.ucarecdn.com\/c1768ba9-64b8-4357-900b-a7f0fa632fe6\/-\/preview\/","height":"","width":""},"url":"https:\/\/www.canariasconfidencial.com\/gran-canaria\/la-bella-y-emblematica-villa-de-moya\/","video":{"@context":"http:\/\/schema.org\/","@type":"VideoObject","@id":"https:\/\/www.youtube.com\/watch?v=z83yyy5VteQ#VideoObject","contentUrl":"https:\/\/www.youtube.com\/watch?v=z83yyy5VteQ","name":"\u00a1SOY DE MOYA! (V\u00eddeo promocional de la Villa de Moya)","description":"V\u00eddeo promocional de la Villa de Moya (Gran Canaria), en el que se reflejan las bondades del municipio. Historia, monumentos de inter\u00e9s, cultura, espacios naturales, agricultura y ganader\u00eda, gastronom\u00eda o reposter\u00eda. Bajo el lema \u00a1Soy de Moya!","thumbnailUrl":["https:\/\/i.ytimg.com\/vi\/z83yyy5VteQ\/default.jpg","https:\/\/i.ytimg.com\/vi\/z83yyy5VteQ\/mqdefault.jpg","https:\/\/i.ytimg.com\/vi\/z83yyy5VteQ\/hqdefault.jpg","https:\/\/i.ytimg.com\/vi\/z83yyy5VteQ\/sddefault.jpg","https:\/\/i.ytimg.com\/vi\/z83yyy5VteQ\/maxresdefault.jpg"],"uploadDate":"2015-03-14T23:30:15+00:00","duration":"PT3M10S","embedUrl":"https:\/\/www.youtube.com\/embed\/z83yyy5VteQ","publisher":{"@type":"Organization","@id":"https:\/\/www.youtube.com\/channel\/UCrL4M3Dggh__cCvrDil9Kfg#Organization","url":"https:\/\/www.youtube.com\/channel\/UCrL4M3Dggh__cCvrDil9Kfg","name":"VilladeMoya","description":"Ayuntamiento de la Villa de Moya","logo":{"url":"https:\/\/yt3.ggpht.com\/ytc\/AIdro_kwV3YIBNbzubGX4gzUbZpc-qM5sZ9KQyd6CCrnjszr0Q=s800-c-k-c0x00ffffff-no-rj","width":800,"height":800,"@type":"ImageObject","@id":"https:\/\/www.youtube.com\/watch?v=z83yyy5VteQ#VideoObject_publisher_logo_ImageObject"}},"potentialAction":{"@type":"SeekToAction","@id":"https:\/\/www.youtube.com\/watch?v=z83yyy5VteQ#VideoObject_potentialAction","target":"https:\/\/www.youtube.com\/watch?v=z83yyy5VteQ&t={seek_to_second_number}","startOffset-input":"required name=seek_to_second_number"},"interactionStatistic":[[{"@type":"InteractionCounter","@id":"https:\/\/www.youtube.com\/watch?v=z83yyy5VteQ#VideoObject_interactionStatistic_WatchAction","interactionType":{"@type":"WatchAction"},"userInteractionCount":9123}],{"@type":"InteractionCounter","@id":"https:\/\/www.youtube.com\/watch?v=z83yyy5VteQ#VideoObject_interactionStatistic_LikeAction","interactionType":{"@type":"LikeAction"},"userInteractionCount":113}]},"about":["Gran Canaria"],"wordCount":108},{"@context":"https:\/\/schema.org\/","@type":"BreadcrumbList","itemListElement":[{"@type":"ListItem","position":1,"name":"Gran Canaria","item":"https:\/\/www.canariasconfidencial.com\/gran-canaria\/#breadcrumbitem"},{"@type":"ListItem","position":2,"name":"La  bella y emblem\u00e1tica Villa de Moya","item":"https:\/\/www.canariasconfidencial.com\/gran-canaria\/la-bella-y-emblematica-villa-de-moya\/#breadcrumbitem"}]}]