[{"@context":"https:\/\/schema.org\/","@type":"BlogPosting","@id":"https:\/\/www.canariasconfidencial.com\/gran-canaria\/la-cara-oculta-de-la-luna\/#BlogPosting","mainEntityOfPage":"https:\/\/www.canariasconfidencial.com\/gran-canaria\/la-cara-oculta-de-la-luna\/","headline":"LA CARA OCULTA DE LA LUNA","name":"LA CARA OCULTA DE LA LUNA","description":"&nbsp; &nbsp; Rosal&iacute;a Padr&oacute;n hace un&nbsp;repaso al concepto &#39;&#39;profeta&#39;&#39; y&nbsp;a las diferentes profec&iacute;as existentes a lo largo de la historia de la humanidad. Related posts:\u00a0I Feria del Deporte y Salud Sportbody 2015 en Santa Mar\u00eda de Gu\u00eda.El Cabildo crea un Grupo de Acci\u00f3n para luchar contra el cambio clim\u00e1tico y adaptarse a sus consecue...Seti\u00e9n: \u201cCreo [&hellip;]","datePublished":"2015-11-01","dateModified":"2015-11-01","author":{"@type":"Person","@id":"https:\/\/www.canariasconfidencial.com\/author\/admin\/#Person","name":"Canarias Confidencial","url":"https:\/\/www.canariasconfidencial.com\/author\/admin\/","image":{"@type":"ImageObject","@id":"https:\/\/secure.gravatar.com\/avatar\/44ad1b7f51be99230dbaef835819598e?s=96&d=mm&r=g","url":"https:\/\/secure.gravatar.com\/avatar\/44ad1b7f51be99230dbaef835819598e?s=96&d=mm&r=g","height":96,"width":96}},"publisher":{"@type":"Organization","name":"Canarias Confidencial","logo":{"@type":"ImageObject","@id":"https:\/\/www.canariasconfidencial.com\/wp-content\/uploads\/2018\/07\/Canarias-Confidencial-1.png","url":"https:\/\/www.canariasconfidencial.com\/wp-content\/uploads\/2018\/07\/Canarias-Confidencial-1.png","width":600,"height":100}},"image":{"@type":"ImageObject","@id":"http:\/\/www.ucarecdn.com\/81392f10-68d6-4f89-afc4-434f2c6e7152\/-\/preview\/","url":"http:\/\/www.ucarecdn.com\/81392f10-68d6-4f89-afc4-434f2c6e7152\/-\/preview\/","height":"","width":""},"url":"https:\/\/www.canariasconfidencial.com\/gran-canaria\/la-cara-oculta-de-la-luna\/","about":["Gran Canaria"],"wordCount":79},{"@context":"https:\/\/schema.org\/","@type":"BreadcrumbList","itemListElement":[{"@type":"ListItem","position":1,"name":"Gran Canaria","item":"https:\/\/www.canariasconfidencial.com\/gran-canaria\/#breadcrumbitem"},{"@type":"ListItem","position":2,"name":"LA CARA OCULTA DE LA LUNA","item":"https:\/\/www.canariasconfidencial.com\/gran-canaria\/la-cara-oculta-de-la-luna\/#breadcrumbitem"}]}]