[{"@context":"https:\/\/schema.org\/","@type":"BlogPosting","@id":"https:\/\/www.canariasconfidencial.com\/gran-canaria\/la-celebracion-del-rally-isla-de-gran-canaria-obliga-al-cierre-de-varios-tramos-de-la-cumbre-manana-sabado\/#BlogPosting","mainEntityOfPage":"https:\/\/www.canariasconfidencial.com\/gran-canaria\/la-celebracion-del-rally-isla-de-gran-canaria-obliga-al-cierre-de-varios-tramos-de-la-cumbre-manana-sabado\/","headline":"La celebraci\u00f3n del Rally Isla de Gran Canaria obliga al cierre de varios tramos de la cumbre ma\u00f1ana s\u00e1bado","name":"La celebraci\u00f3n del Rally Isla de Gran Canaria obliga al cierre de varios tramos de la cumbre ma\u00f1ana s\u00e1bado","description":"Por la ma&ntilde;ana cerrar&aacute; la carretera entre el cruce de Los Llanos y la caldera de Los Marteles, as&iacute; como la de Cueva Grande a la Cruz de Los Llanos, ambos entre las 8.35 y las 13.35 horas, aunque ser&aacute;n abiertas casi media hora a mitad de ma&ntilde;ana, de 11 a 11.25. Tambi&eacute;n la carretera [&hellip;]","datePublished":"2016-05-20","dateModified":"2016-05-20","author":{"@type":"Person","@id":"https:\/\/www.canariasconfidencial.com\/author\/admin\/#Person","name":"Canarias Confidencial","url":"https:\/\/www.canariasconfidencial.com\/author\/admin\/","image":{"@type":"ImageObject","@id":"https:\/\/secure.gravatar.com\/avatar\/44ad1b7f51be99230dbaef835819598e?s=96&d=mm&r=g","url":"https:\/\/secure.gravatar.com\/avatar\/44ad1b7f51be99230dbaef835819598e?s=96&d=mm&r=g","height":96,"width":96}},"publisher":{"@type":"Organization","name":"Canarias Confidencial","logo":{"@type":"ImageObject","@id":"https:\/\/www.canariasconfidencial.com\/wp-content\/uploads\/2018\/07\/Canarias-Confidencial-1.png","url":"https:\/\/www.canariasconfidencial.com\/wp-content\/uploads\/2018\/07\/Canarias-Confidencial-1.png","width":600,"height":100}},"image":{"@type":"ImageObject","@id":"http:\/\/www.ucarecdn.com\/fdac883f-e684-4eee-9374-960c1be49c9e\/-\/preview\/","url":"http:\/\/www.ucarecdn.com\/fdac883f-e684-4eee-9374-960c1be49c9e\/-\/preview\/","height":"","width":""},"url":"https:\/\/www.canariasconfidencial.com\/gran-canaria\/la-celebracion-del-rally-isla-de-gran-canaria-obliga-al-cierre-de-varios-tramos-de-la-cumbre-manana-sabado\/","about":["Gran Canaria"],"wordCount":231},{"@context":"https:\/\/schema.org\/","@type":"BreadcrumbList","itemListElement":[{"@type":"ListItem","position":1,"name":"Gran Canaria","item":"https:\/\/www.canariasconfidencial.com\/gran-canaria\/#breadcrumbitem"},{"@type":"ListItem","position":2,"name":"La celebraci\u00f3n del Rally Isla de Gran Canaria obliga al cierre de varios tramos de la cumbre ma\u00f1ana s\u00e1bado","item":"https:\/\/www.canariasconfidencial.com\/gran-canaria\/la-celebracion-del-rally-isla-de-gran-canaria-obliga-al-cierre-de-varios-tramos-de-la-cumbre-manana-sabado\/#breadcrumbitem"}]}]