[{"@context":"https:\/\/schema.org\/","@type":"BlogPosting","@id":"https:\/\/www.canariasconfidencial.com\/gran-canaria\/la-concejalia-de-igualdad-de-guia-celebra-el-dia-internacional-de-la-mujer\/#BlogPosting","mainEntityOfPage":"https:\/\/www.canariasconfidencial.com\/gran-canaria\/la-concejalia-de-igualdad-de-guia-celebra-el-dia-internacional-de-la-mujer\/","headline":"La concejal\u00eda de Igualdad de Gu\u00eda celebra el D\u00eda Internacional de la Mujer","name":"La concejal\u00eda de Igualdad de Gu\u00eda celebra el D\u00eda Internacional de la Mujer","description":"&nbsp; &nbsp;&nbsp; &nbsp; La Casa de la Cultura acoger&aacute; el s&aacute;bado 5 de marzo la Jornada &quot;Compartiendo nuevas realidades&quot; con la que la Concejal&iacute;a de Igualdad, que dirige Naiara del Pino, inicia el programa de actos que se celebrar&aacute;n en el municipio con motivo del D&iacute;a Internacional de la Mujer que se conmemora el 8 [&hellip;]","datePublished":"2016-02-16","dateModified":"2016-02-16","author":{"@type":"Person","@id":"https:\/\/www.canariasconfidencial.com\/author\/admin\/#Person","name":"Canarias Confidencial","url":"https:\/\/www.canariasconfidencial.com\/author\/admin\/","image":{"@type":"ImageObject","@id":"https:\/\/secure.gravatar.com\/avatar\/44ad1b7f51be99230dbaef835819598e?s=96&d=mm&r=g","url":"https:\/\/secure.gravatar.com\/avatar\/44ad1b7f51be99230dbaef835819598e?s=96&d=mm&r=g","height":96,"width":96}},"publisher":{"@type":"Organization","name":"Canarias Confidencial","logo":{"@type":"ImageObject","@id":"https:\/\/www.canariasconfidencial.com\/wp-content\/uploads\/2018\/07\/Canarias-Confidencial-1.png","url":"https:\/\/www.canariasconfidencial.com\/wp-content\/uploads\/2018\/07\/Canarias-Confidencial-1.png","width":600,"height":100}},"image":{"@type":"ImageObject","@id":"http:\/\/www.infonortedigital.com\/portada\/images\/noticias\/Guia2015\/Guia_2016\/mujerguia16.jpg","url":"http:\/\/www.infonortedigital.com\/portada\/images\/noticias\/Guia2015\/Guia_2016\/mujerguia16.jpg","height":"","width":""},"url":"https:\/\/www.canariasconfidencial.com\/gran-canaria\/la-concejalia-de-igualdad-de-guia-celebra-el-dia-internacional-de-la-mujer\/","about":["Gran Canaria"],"wordCount":412},{"@context":"https:\/\/schema.org\/","@type":"BreadcrumbList","itemListElement":[{"@type":"ListItem","position":1,"name":"Gran Canaria","item":"https:\/\/www.canariasconfidencial.com\/gran-canaria\/#breadcrumbitem"},{"@type":"ListItem","position":2,"name":"La concejal\u00eda de Igualdad de Gu\u00eda celebra el D\u00eda Internacional de la Mujer","item":"https:\/\/www.canariasconfidencial.com\/gran-canaria\/la-concejalia-de-igualdad-de-guia-celebra-el-dia-internacional-de-la-mujer\/#breadcrumbitem"}]}]