[{"@context":"https:\/\/schema.org\/","@type":"BlogPosting","@id":"https:\/\/www.canariasconfidencial.com\/gran-canaria\/la-concejalia-de-igualdad-informa-del-concurso-para-disenar-el-cartel-conmemorativo-del-dia-internacional-de-las-mujeres-convocado-por-el-instituto-canario-de-igualdad\/#BlogPosting","mainEntityOfPage":"https:\/\/www.canariasconfidencial.com\/gran-canaria\/la-concejalia-de-igualdad-informa-del-concurso-para-disenar-el-cartel-conmemorativo-del-dia-internacional-de-las-mujeres-convocado-por-el-instituto-canario-de-igualdad\/","headline":"LA CONCEJAL\u00cdA DE IGUALDAD INFORMA DEL CONCURSO PARA DISE\u00d1AR EL CARTEL CONMEMORATIVO DEL D\u00cdA INTERNACIONAL DE LAS MUJERES CONVOCADO POR EL INSTITUTO CANARIO DE IGUALDAD","name":"LA CONCEJAL\u00cdA DE IGUALDAD INFORMA DEL CONCURSO PARA DISE\u00d1AR EL CARTEL CONMEMORATIVO DEL D\u00cdA INTERNACIONAL DE LAS MUJERES CONVOCADO POR EL INSTITUTO CANARIO DE IGUALDAD","description":"Esta convocatoria, seg&uacute;n se explica en la p&aacute;gina web del Gobierno de Canarias, est&aacute; dirigida a creadoras canarias para hacer visible su trabajo, tiene como finalidades fomentar y promocionar la labor de las mujeres artistas cuyas obras ayuden a hacer visible la igualdad entre mujeres y hombres, as&iacute; como impulsar la sensibilizaci&oacute;n sobre la situaci&oacute;n [&hellip;]","datePublished":"2016-02-05","dateModified":"2016-02-05","author":{"@type":"Person","@id":"https:\/\/www.canariasconfidencial.com\/author\/admin\/#Person","name":"Canarias Confidencial","url":"https:\/\/www.canariasconfidencial.com\/author\/admin\/","image":{"@type":"ImageObject","@id":"https:\/\/secure.gravatar.com\/avatar\/44ad1b7f51be99230dbaef835819598e?s=96&d=mm&r=g","url":"https:\/\/secure.gravatar.com\/avatar\/44ad1b7f51be99230dbaef835819598e?s=96&d=mm&r=g","height":96,"width":96}},"publisher":{"@type":"Organization","name":"Canarias Confidencial","logo":{"@type":"ImageObject","@id":"https:\/\/www.canariasconfidencial.com\/wp-content\/uploads\/2018\/07\/Canarias-Confidencial-1.png","url":"https:\/\/www.canariasconfidencial.com\/wp-content\/uploads\/2018\/07\/Canarias-Confidencial-1.png","width":600,"height":100}},"image":{"@type":"ImageObject","@id":"http:\/\/www.ucarecdn.com\/d8ed411e-4444-46cf-951b-3076657d21eb\/-\/preview\/","url":"http:\/\/www.ucarecdn.com\/d8ed411e-4444-46cf-951b-3076657d21eb\/-\/preview\/","height":"","width":""},"url":"https:\/\/www.canariasconfidencial.com\/gran-canaria\/la-concejalia-de-igualdad-informa-del-concurso-para-disenar-el-cartel-conmemorativo-del-dia-internacional-de-las-mujeres-convocado-por-el-instituto-canario-de-igualdad\/","about":["Gran Canaria"],"wordCount":173},{"@context":"https:\/\/schema.org\/","@type":"BreadcrumbList","itemListElement":[{"@type":"ListItem","position":1,"name":"Gran Canaria","item":"https:\/\/www.canariasconfidencial.com\/gran-canaria\/#breadcrumbitem"},{"@type":"ListItem","position":2,"name":"LA CONCEJAL\u00cdA DE IGUALDAD INFORMA DEL CONCURSO PARA DISE\u00d1AR EL CARTEL CONMEMORATIVO DEL D\u00cdA INTERNACIONAL DE LAS MUJERES CONVOCADO POR EL INSTITUTO CANARIO DE IGUALDAD","item":"https:\/\/www.canariasconfidencial.com\/gran-canaria\/la-concejalia-de-igualdad-informa-del-concurso-para-disenar-el-cartel-conmemorativo-del-dia-internacional-de-las-mujeres-convocado-por-el-instituto-canario-de-igualdad\/#breadcrumbitem"}]}]