[{"@context":"https:\/\/schema.org\/","@type":"BlogPosting","@id":"https:\/\/www.canariasconfidencial.com\/gran-canaria\/la-concejalia-de-igualdad-organiza-un-programa-de-talleres-sobre-prevencion-de-la-violencia-de-genero\/#BlogPosting","mainEntityOfPage":"https:\/\/www.canariasconfidencial.com\/gran-canaria\/la-concejalia-de-igualdad-organiza-un-programa-de-talleres-sobre-prevencion-de-la-violencia-de-genero\/","headline":"LA CONCEJAL\u00cdA DE IGUALDAD ORGANIZA UN PROGRAMA DE TALLERES SOBRE PREVENCI\u00d3N DE LA VIOLENCIA DE G\u00c9NERO","name":"LA CONCEJAL\u00cdA DE IGUALDAD ORGANIZA UN PROGRAMA DE TALLERES SOBRE PREVENCI\u00d3N DE LA VIOLENCIA DE G\u00c9NERO","description":"&nbsp; &nbsp; &nbsp; En este taller se abordar&aacute; c&oacute;mo la repetici&oacute;n sitem&aacute;tica de modelos de feminidad y masculinidad tradicionales es una de las principales causas que explican el problema de la violencia de g&eacute;nero y se analizar&aacute;n las desigualdades que socialmente se establecen entre las mujeres y los hombres. A trav&eacute;s del debate y la [&hellip;]","datePublished":"2016-05-19","dateModified":"2016-05-19","author":{"@type":"Person","@id":"https:\/\/www.canariasconfidencial.com\/author\/admin\/#Person","name":"Canarias Confidencial","url":"https:\/\/www.canariasconfidencial.com\/author\/admin\/","image":{"@type":"ImageObject","@id":"https:\/\/secure.gravatar.com\/avatar\/44ad1b7f51be99230dbaef835819598e?s=96&d=mm&r=g","url":"https:\/\/secure.gravatar.com\/avatar\/44ad1b7f51be99230dbaef835819598e?s=96&d=mm&r=g","height":96,"width":96}},"publisher":{"@type":"Organization","name":"Canarias Confidencial","logo":{"@type":"ImageObject","@id":"https:\/\/www.canariasconfidencial.com\/wp-content\/uploads\/2018\/07\/Canarias-Confidencial-1.png","url":"https:\/\/www.canariasconfidencial.com\/wp-content\/uploads\/2018\/07\/Canarias-Confidencial-1.png","width":600,"height":100}},"image":{"@type":"ImageObject","@id":"http:\/\/www.ucarecdn.com\/a781fb9a-7da9-439e-81c2-a7a5c50a6659\/-\/preview\/","url":"http:\/\/www.ucarecdn.com\/a781fb9a-7da9-439e-81c2-a7a5c50a6659\/-\/preview\/","height":"","width":""},"url":"https:\/\/www.canariasconfidencial.com\/gran-canaria\/la-concejalia-de-igualdad-organiza-un-programa-de-talleres-sobre-prevencion-de-la-violencia-de-genero\/","about":["Gran Canaria"],"wordCount":234},{"@context":"https:\/\/schema.org\/","@type":"BreadcrumbList","itemListElement":[{"@type":"ListItem","position":1,"name":"Gran Canaria","item":"https:\/\/www.canariasconfidencial.com\/gran-canaria\/#breadcrumbitem"},{"@type":"ListItem","position":2,"name":"LA CONCEJAL\u00cdA DE IGUALDAD ORGANIZA UN PROGRAMA DE TALLERES SOBRE PREVENCI\u00d3N DE LA VIOLENCIA DE G\u00c9NERO","item":"https:\/\/www.canariasconfidencial.com\/gran-canaria\/la-concejalia-de-igualdad-organiza-un-programa-de-talleres-sobre-prevencion-de-la-violencia-de-genero\/#breadcrumbitem"}]}]