[{"@context":"https:\/\/schema.org\/","@type":"BlogPosting","@id":"https:\/\/www.canariasconfidencial.com\/gran-canaria\/la-concejalia-de-parques-y-jardines-de-agaete-rechaza-el-corte-de-ramas-de-arboles-en-el-valle\/#BlogPosting","mainEntityOfPage":"https:\/\/www.canariasconfidencial.com\/gran-canaria\/la-concejalia-de-parques-y-jardines-de-agaete-rechaza-el-corte-de-ramas-de-arboles-en-el-valle\/","headline":"La concejal\u00eda de Parques y Jardines de Agaete rechaza el corte de ramas de \u00e1rboles en El Valle","name":"La concejal\u00eda de Parques y Jardines de Agaete rechaza el corte de ramas de \u00e1rboles en El Valle","description":"&nbsp; &nbsp; &nbsp; &nbsp; &nbsp; &nbsp; &nbsp; La Concejal&iacute;a de Parques y Jardines del Ayuntamiento de Agaete ha mostrado el rechazo ante la actuaci&oacute;n de corte de ramas de &aacute;rboles, desproporcionada y desmesurada, que se ha llevado a cabo en la Calle Subida de Los Romeros, Parque de El Sabillo (Valle de Agaete) y Piletas, [&hellip;]","datePublished":"2016-02-02","dateModified":"2016-02-02","author":{"@type":"Person","@id":"https:\/\/www.canariasconfidencial.com\/author\/admin\/#Person","name":"Canarias Confidencial","url":"https:\/\/www.canariasconfidencial.com\/author\/admin\/","image":{"@type":"ImageObject","@id":"https:\/\/secure.gravatar.com\/avatar\/44ad1b7f51be99230dbaef835819598e?s=96&d=mm&r=g","url":"https:\/\/secure.gravatar.com\/avatar\/44ad1b7f51be99230dbaef835819598e?s=96&d=mm&r=g","height":96,"width":96}},"publisher":{"@type":"Organization","name":"Canarias Confidencial","logo":{"@type":"ImageObject","@id":"https:\/\/www.canariasconfidencial.com\/wp-content\/uploads\/2018\/07\/Canarias-Confidencial-1.png","url":"https:\/\/www.canariasconfidencial.com\/wp-content\/uploads\/2018\/07\/Canarias-Confidencial-1.png","width":600,"height":100}},"image":{"@type":"ImageObject","@id":"http:\/\/www.infonortedigital.com\/portada\/images\/noticias\/Agaete2015\/Agaete2016\/caminosabillo.jpg","url":"http:\/\/www.infonortedigital.com\/portada\/images\/noticias\/Agaete2015\/Agaete2016\/caminosabillo.jpg","height":"","width":""},"url":"https:\/\/www.canariasconfidencial.com\/gran-canaria\/la-concejalia-de-parques-y-jardines-de-agaete-rechaza-el-corte-de-ramas-de-arboles-en-el-valle\/","about":["Gran Canaria"],"wordCount":256},{"@context":"https:\/\/schema.org\/","@type":"BreadcrumbList","itemListElement":[{"@type":"ListItem","position":1,"name":"Gran Canaria","item":"https:\/\/www.canariasconfidencial.com\/gran-canaria\/#breadcrumbitem"},{"@type":"ListItem","position":2,"name":"La concejal\u00eda de Parques y Jardines de Agaete rechaza el corte de ramas de \u00e1rboles en El Valle","item":"https:\/\/www.canariasconfidencial.com\/gran-canaria\/la-concejalia-de-parques-y-jardines-de-agaete-rechaza-el-corte-de-ramas-de-arboles-en-el-valle\/#breadcrumbitem"}]}]