[{"@context":"https:\/\/schema.org\/","@type":"BlogPosting","@id":"https:\/\/www.canariasconfidencial.com\/gran-canaria\/la-concejalia-de-participacion-ciudadana-convoca-un-certamen-para-elegir-el-logo-del-proyecto-urbano-las-plazas-que-suenas_-creas-y-vives\/#BlogPosting","mainEntityOfPage":"https:\/\/www.canariasconfidencial.com\/gran-canaria\/la-concejalia-de-participacion-ciudadana-convoca-un-certamen-para-elegir-el-logo-del-proyecto-urbano-las-plazas-que-suenas_-creas-y-vives\/","headline":"LA CONCEJAL\u00cdA DE PARTICIPACI\u00d3N CIUDADANA CONVOCA UN CERTAMEN PARA ELEGIR EL LOGO DEL PROYECTO URBANO &#8216;LAS PLAZAS QUE SUE\u00d1AS, CREAS Y VIVES&#8217;","name":"LA CONCEJAL\u00cdA DE PARTICIPACI\u00d3N CIUDADANA CONVOCA UN CERTAMEN PARA ELEGIR EL LOGO DEL PROYECTO URBANO &#8216;LAS PLAZAS QUE SUE\u00d1AS, CREAS Y VIVES&#8217;","description":"&nbsp; La Concejal&iacute;a de Participaci&oacute;n Ciudadana, que dirige Ainhoa Mart&iacute;n, ha convocado un certamen para dotar de un logo que identifique el proyecto urbano participativo&ldquo;Las Plazas que sue&ntilde;as, creas y vives&rdquo;, una iniciativa que tiene como objetivo la recuperaci&oacute;n y revitalizaci&oacute;n del entorno de las plazas de Gu&iacute;a en aras de recuperar el hist&oacute;rico atractivo [&hellip;]","datePublished":"2016-04-28","dateModified":"2016-04-28","author":{"@type":"Person","@id":"https:\/\/www.canariasconfidencial.com\/author\/admin\/#Person","name":"Canarias Confidencial","url":"https:\/\/www.canariasconfidencial.com\/author\/admin\/","image":{"@type":"ImageObject","@id":"https:\/\/secure.gravatar.com\/avatar\/44ad1b7f51be99230dbaef835819598e?s=96&d=mm&r=g","url":"https:\/\/secure.gravatar.com\/avatar\/44ad1b7f51be99230dbaef835819598e?s=96&d=mm&r=g","height":96,"width":96}},"publisher":{"@type":"Organization","name":"Canarias Confidencial","logo":{"@type":"ImageObject","@id":"https:\/\/www.canariasconfidencial.com\/wp-content\/uploads\/2018\/07\/Canarias-Confidencial-1.png","url":"https:\/\/www.canariasconfidencial.com\/wp-content\/uploads\/2018\/07\/Canarias-Confidencial-1.png","width":600,"height":100}},"image":{"@type":"ImageObject","@id":"http:\/\/www.ucarecdn.com\/23e94490-0a37-4b91-9afd-a5c64aacbfe4\/-\/preview\/","url":"http:\/\/www.ucarecdn.com\/23e94490-0a37-4b91-9afd-a5c64aacbfe4\/-\/preview\/","height":"","width":""},"url":"https:\/\/www.canariasconfidencial.com\/gran-canaria\/la-concejalia-de-participacion-ciudadana-convoca-un-certamen-para-elegir-el-logo-del-proyecto-urbano-las-plazas-que-suenas_-creas-y-vives\/","about":["Gran Canaria"],"wordCount":414},{"@context":"https:\/\/schema.org\/","@type":"BreadcrumbList","itemListElement":[{"@type":"ListItem","position":1,"name":"Gran Canaria","item":"https:\/\/www.canariasconfidencial.com\/gran-canaria\/#breadcrumbitem"},{"@type":"ListItem","position":2,"name":"LA CONCEJAL\u00cdA DE PARTICIPACI\u00d3N CIUDADANA CONVOCA UN CERTAMEN PARA ELEGIR EL LOGO DEL PROYECTO URBANO &#8216;LAS PLAZAS QUE SUE\u00d1AS, CREAS Y VIVES&#8217;","item":"https:\/\/www.canariasconfidencial.com\/gran-canaria\/la-concejalia-de-participacion-ciudadana-convoca-un-certamen-para-elegir-el-logo-del-proyecto-urbano-las-plazas-que-suenas_-creas-y-vives\/#breadcrumbitem"}]}]