[{"@context":"https:\/\/schema.org\/","@type":"BlogPosting","@id":"https:\/\/www.canariasconfidencial.com\/gran-canaria\/la-escuela-de-verano-multideporte-ciudad-de-guia-2017-se-celebrara-este-ano-del-3-de-julio-al-14-de-agosto\/#BlogPosting","mainEntityOfPage":"https:\/\/www.canariasconfidencial.com\/gran-canaria\/la-escuela-de-verano-multideporte-ciudad-de-guia-2017-se-celebrara-este-ano-del-3-de-julio-al-14-de-agosto\/","headline":"La Escuela de Verano Multideporte &#8216;Ciudad de Gu\u00eda 2017&#8217; se celebrar\u00e1 este a\u00f1o del 3 de julio al 14 de agosto","name":"La Escuela de Verano Multideporte &#8216;Ciudad de Gu\u00eda 2017&#8217; se celebrar\u00e1 este a\u00f1o del 3 de julio al 14 de agosto","description":"La Escuela de Verano Multideporte &#39;Ciudad de Gu&iacute;a 2017&#39;, organizada por la Sociedad Municipal de Deportes de Gu&iacute;a, que dirige Felipe P&eacute;rez, se celebrar&aacute; este a&ntilde;o del 3 de julio al 14 de agosto. Est&aacute; dirigida a ni&ntilde;os de 4 a 10 a&ntilde;os de edad. La inscripci&oacute;n ya se encuentra abierta hasta el pr&oacute;ximo 22 [&hellip;]","datePublished":"2017-06-06","dateModified":"2017-06-06","author":{"@type":"Person","@id":"https:\/\/www.canariasconfidencial.com\/author\/admin\/#Person","name":"Canarias Confidencial","url":"https:\/\/www.canariasconfidencial.com\/author\/admin\/","image":{"@type":"ImageObject","@id":"https:\/\/secure.gravatar.com\/avatar\/44ad1b7f51be99230dbaef835819598e?s=96&d=mm&r=g","url":"https:\/\/secure.gravatar.com\/avatar\/44ad1b7f51be99230dbaef835819598e?s=96&d=mm&r=g","height":96,"width":96}},"publisher":{"@type":"Organization","name":"Canarias Confidencial","logo":{"@type":"ImageObject","@id":"https:\/\/www.canariasconfidencial.com\/wp-content\/uploads\/2018\/07\/Canarias-Confidencial-1.png","url":"https:\/\/www.canariasconfidencial.com\/wp-content\/uploads\/2018\/07\/Canarias-Confidencial-1.png","width":600,"height":100}},"image":{"@type":"ImageObject","@id":"http:\/\/www.infonortedigital.com\/portada\/images\/noticias\/Deportes2015\/Deporte1617\/Cartel_ESCUELA_DE_VERANO_MULTIDEPORTE.jpg","url":"http:\/\/www.infonortedigital.com\/portada\/images\/noticias\/Deportes2015\/Deporte1617\/Cartel_ESCUELA_DE_VERANO_MULTIDEPORTE.jpg","height":"","width":""},"url":"https:\/\/www.canariasconfidencial.com\/gran-canaria\/la-escuela-de-verano-multideporte-ciudad-de-guia-2017-se-celebrara-este-ano-del-3-de-julio-al-14-de-agosto\/","about":["Gran Canaria"],"wordCount":261},{"@context":"https:\/\/schema.org\/","@type":"BreadcrumbList","itemListElement":[{"@type":"ListItem","position":1,"name":"Gran Canaria","item":"https:\/\/www.canariasconfidencial.com\/gran-canaria\/#breadcrumbitem"},{"@type":"ListItem","position":2,"name":"La Escuela de Verano Multideporte &#8216;Ciudad de Gu\u00eda 2017&#8217; se celebrar\u00e1 este a\u00f1o del 3 de julio al 14 de agosto","item":"https:\/\/www.canariasconfidencial.com\/gran-canaria\/la-escuela-de-verano-multideporte-ciudad-de-guia-2017-se-celebrara-este-ano-del-3-de-julio-al-14-de-agosto\/#breadcrumbitem"}]}]