[{"@context":"https:\/\/schema.org\/","@type":"BlogPosting","@id":"https:\/\/www.canariasconfidencial.com\/gran-canaria\/la-feria-de-ganado-de-montana-alta-abre-la-temporada-en-el-norte-grancanario\/#BlogPosting","mainEntityOfPage":"https:\/\/www.canariasconfidencial.com\/gran-canaria\/la-feria-de-ganado-de-montana-alta-abre-la-temporada-en-el-norte-grancanario\/","headline":"La feria de ganado de Monta\u00f1a Alta abre la temporada en el norte grancanario","name":"La feria de ganado de Monta\u00f1a Alta abre la temporada en el norte grancanario","description":"Related posts:Seti\u00e9n, sobre Ra\u00fal: \u201cSi hay que chillar a alguien, es a m\u00ed\u201dEl Ayuntamiento de Gu\u00eda destina un total de 35.000 euros en ayudas econ\u00f3micas a los clubs deportivos...La UP de Gu\u00eda organiza una visita al parque tem\u00e1tico Mundo Aborigen","datePublished":"2017-03-17","dateModified":"2017-03-17","author":{"@type":"Person","@id":"https:\/\/www.canariasconfidencial.com\/author\/admin\/#Person","name":"Canarias Confidencial","url":"https:\/\/www.canariasconfidencial.com\/author\/admin\/","image":{"@type":"ImageObject","@id":"https:\/\/secure.gravatar.com\/avatar\/44ad1b7f51be99230dbaef835819598e?s=96&d=mm&r=g","url":"https:\/\/secure.gravatar.com\/avatar\/44ad1b7f51be99230dbaef835819598e?s=96&d=mm&r=g","height":96,"width":96}},"publisher":{"@type":"Organization","name":"Canarias Confidencial","logo":{"@type":"ImageObject","@id":"https:\/\/www.canariasconfidencial.com\/wp-content\/uploads\/2018\/07\/Canarias-Confidencial-1.png","url":"https:\/\/www.canariasconfidencial.com\/wp-content\/uploads\/2018\/07\/Canarias-Confidencial-1.png","width":600,"height":100}},"image":{"@type":"ImageObject","@id":"http:\/\/www.infonortedigital.com\/portada\/images\/noticias\/Guia\/montaa_alta5.jpg","url":"http:\/\/www.infonortedigital.com\/portada\/images\/noticias\/Guia\/montaa_alta5.jpg","height":"","width":""},"url":"https:\/\/www.canariasconfidencial.com\/gran-canaria\/la-feria-de-ganado-de-montana-alta-abre-la-temporada-en-el-norte-grancanario\/","about":["Gran Canaria"],"wordCount":48},{"@context":"https:\/\/schema.org\/","@type":"BreadcrumbList","itemListElement":[{"@type":"ListItem","position":1,"name":"Gran Canaria","item":"https:\/\/www.canariasconfidencial.com\/gran-canaria\/#breadcrumbitem"},{"@type":"ListItem","position":2,"name":"La feria de ganado de Monta\u00f1a Alta abre la temporada en el norte grancanario","item":"https:\/\/www.canariasconfidencial.com\/gran-canaria\/la-feria-de-ganado-de-montana-alta-abre-la-temporada-en-el-norte-grancanario\/#breadcrumbitem"}]}]