[{"@context":"https:\/\/schema.org\/","@type":"BlogPosting","@id":"https:\/\/www.canariasconfidencial.com\/gran-canaria\/la-fiesta-del-queso-se-traslada-este-domingo-a-montana-alta-de-guia\/#BlogPosting","mainEntityOfPage":"https:\/\/www.canariasconfidencial.com\/gran-canaria\/la-fiesta-del-queso-se-traslada-este-domingo-a-montana-alta-de-guia\/","headline":"La Fiesta del Queso se traslada este domingo a Monta\u00f1a Alta de Gu\u00eda","name":"La Fiesta del Queso se traslada este domingo a Monta\u00f1a Alta de Gu\u00eda","description":"La Fiesta del Queso celebra su segunda edici&oacute;n este domingo, 7 de mayo, en Monta&ntilde;a Alta, el barrio de las median&iacute;as guienses donde naci&oacute; esta celebraci&oacute;n popular en torno al Queso de Gu&iacute;a y las tradiciones canarias hace 40 a&ntilde;os. A las doce del mediod&iacute;a se abrir&aacute;n los puestos en la calle principal del pueblo [&hellip;]","datePublished":"2017-05-04","dateModified":"2017-05-04","author":{"@type":"Person","@id":"https:\/\/www.canariasconfidencial.com\/author\/admin\/#Person","name":"Canarias Confidencial","url":"https:\/\/www.canariasconfidencial.com\/author\/admin\/","image":{"@type":"ImageObject","@id":"https:\/\/secure.gravatar.com\/avatar\/44ad1b7f51be99230dbaef835819598e?s=96&d=mm&r=g","url":"https:\/\/secure.gravatar.com\/avatar\/44ad1b7f51be99230dbaef835819598e?s=96&d=mm&r=g","height":96,"width":96}},"publisher":{"@type":"Organization","name":"Canarias Confidencial","logo":{"@type":"ImageObject","@id":"https:\/\/www.canariasconfidencial.com\/wp-content\/uploads\/2018\/07\/Canarias-Confidencial-1.png","url":"https:\/\/www.canariasconfidencial.com\/wp-content\/uploads\/2018\/07\/Canarias-Confidencial-1.png","width":600,"height":100}},"image":{"@type":"ImageObject","@id":"http:\/\/www.infonortedigital.com\/portada\/images\/noticias\/Guia2015\/Guia_2016\/fiestaquesomonta\u00c3\u00b1aalta2016.jpg","url":"http:\/\/www.infonortedigital.com\/portada\/images\/noticias\/Guia2015\/Guia_2016\/fiestaquesomonta\u00c3\u00b1aalta2016.jpg","height":"","width":""},"url":"https:\/\/www.canariasconfidencial.com\/gran-canaria\/la-fiesta-del-queso-se-traslada-este-domingo-a-montana-alta-de-guia\/","about":["Gran Canaria"],"wordCount":479},{"@context":"https:\/\/schema.org\/","@type":"BreadcrumbList","itemListElement":[{"@type":"ListItem","position":1,"name":"Gran Canaria","item":"https:\/\/www.canariasconfidencial.com\/gran-canaria\/#breadcrumbitem"},{"@type":"ListItem","position":2,"name":"La Fiesta del Queso se traslada este domingo a Monta\u00f1a Alta de Gu\u00eda","item":"https:\/\/www.canariasconfidencial.com\/gran-canaria\/la-fiesta-del-queso-se-traslada-este-domingo-a-montana-alta-de-guia\/#breadcrumbitem"}]}]