[{"@context":"https:\/\/schema.org\/","@type":"BlogPosting","@id":"https:\/\/www.canariasconfidencial.com\/gran-canaria\/la-gran-cabalgata-de-carrozas-llenara-de-musica-y-fantasia-las-calles-de-galdar-este-sabado\/#BlogPosting","mainEntityOfPage":"https:\/\/www.canariasconfidencial.com\/gran-canaria\/la-gran-cabalgata-de-carrozas-llenara-de-musica-y-fantasia-las-calles-de-galdar-este-sabado\/","headline":"La gran cabalgata de carrozas llenar\u00e1 de m\u00fasica y fantas\u00eda las calles de G\u00e1ldar este s\u00e1bado","name":"La gran cabalgata de carrozas llenar\u00e1 de m\u00fasica y fantas\u00eda las calles de G\u00e1ldar este s\u00e1bado","description":"Como es tradici&oacute;n en G&aacute;ldar, tras la actuaci&oacute;n en la Plaza de Santiago de la Banda de M&uacute;sica de G&aacute;ldar, dar&aacute; comienzo por las calles del casco la Gran Cabalgata de Carrozas de las Fiestas Mayores de Santiago. Ser&aacute; este s&aacute;bado 23 de julio, a partir de las 22.30 horas. Un desfile multicolor en el [&hellip;]","datePublished":"2016-07-22","dateModified":"2016-07-22","author":{"@type":"Person","@id":"https:\/\/www.canariasconfidencial.com\/author\/admin\/#Person","name":"Canarias Confidencial","url":"https:\/\/www.canariasconfidencial.com\/author\/admin\/","image":{"@type":"ImageObject","@id":"https:\/\/secure.gravatar.com\/avatar\/44ad1b7f51be99230dbaef835819598e?s=96&d=mm&r=g","url":"https:\/\/secure.gravatar.com\/avatar\/44ad1b7f51be99230dbaef835819598e?s=96&d=mm&r=g","height":96,"width":96}},"publisher":{"@type":"Organization","name":"Canarias Confidencial","logo":{"@type":"ImageObject","@id":"https:\/\/www.canariasconfidencial.com\/wp-content\/uploads\/2018\/07\/Canarias-Confidencial-1.png","url":"https:\/\/www.canariasconfidencial.com\/wp-content\/uploads\/2018\/07\/Canarias-Confidencial-1.png","width":600,"height":100}},"image":{"@type":"ImageObject","@id":"https:\/\/mail.google.com\/mail\/u\/0\/?ui=2&ik=0c07a029f0&view=fimg&th=15612fb607e5c6dd&attid=0.1.1&disp=emb&attbid=ANGjdJ9SM6W71J6lgd9vJgCaHJTxq1Iox8DobpcygoJ8FYJlaR4rt9sGUt6gQMtZ7bD_5VBgOU6l0aXkRbDnGkmXNwbWs9r8yXq9CjgakYt2cMv70Km-2HBL95yNp7o&sz=w1762-h1144&ats=1469266982470&rm=15612fb607e5c6dd&zw&atsh=1","url":"https:\/\/mail.google.com\/mail\/u\/0\/?ui=2&ik=0c07a029f0&view=fimg&th=15612fb607e5c6dd&attid=0.1.1&disp=emb&attbid=ANGjdJ9SM6W71J6lgd9vJgCaHJTxq1Iox8DobpcygoJ8FYJlaR4rt9sGUt6gQMtZ7bD_5VBgOU6l0aXkRbDnGkmXNwbWs9r8yXq9CjgakYt2cMv70Km-2HBL95yNp7o&sz=w1762-h1144&ats=1469266982470&rm=15612fb607e5c6dd&zw&atsh=1","height":"","width":""},"url":"https:\/\/www.canariasconfidencial.com\/gran-canaria\/la-gran-cabalgata-de-carrozas-llenara-de-musica-y-fantasia-las-calles-de-galdar-este-sabado\/","about":["Gran Canaria"],"wordCount":257},{"@context":"https:\/\/schema.org\/","@type":"BreadcrumbList","itemListElement":[{"@type":"ListItem","position":1,"name":"Gran Canaria","item":"https:\/\/www.canariasconfidencial.com\/gran-canaria\/#breadcrumbitem"},{"@type":"ListItem","position":2,"name":"La gran cabalgata de carrozas llenar\u00e1 de m\u00fasica y fantas\u00eda las calles de G\u00e1ldar este s\u00e1bado","item":"https:\/\/www.canariasconfidencial.com\/gran-canaria\/la-gran-cabalgata-de-carrozas-llenara-de-musica-y-fantasia-las-calles-de-galdar-este-sabado\/#breadcrumbitem"}]}]