[{"@context":"https:\/\/schema.org\/","@type":"BlogPosting","@id":"https:\/\/www.canariasconfidencial.com\/gran-canaria\/la-iglesia-de-guia-acoge-el-primer-memorial-fernando-guerra-aguiar\/#BlogPosting","mainEntityOfPage":"https:\/\/www.canariasconfidencial.com\/gran-canaria\/la-iglesia-de-guia-acoge-el-primer-memorial-fernando-guerra-aguiar\/","headline":"La iglesia de Gu\u00eda acoge el primer memorial Fernando Guerra Aguiar","name":"La iglesia de Gu\u00eda acoge el primer memorial Fernando Guerra Aguiar","description":"Related posts:La exposici\u00f3n de Pilar Rodiles, \u2018Habitare\u2019, se exhibe en Moya\u201cLa Imaginer\u00eda de Luj\u00e1n en el Templo de Santa Mar\u00eda de Gu\u00eda\u2018Una UD m\u00e1s internacional","datePublished":"2016-12-09","dateModified":"2016-12-09","author":{"@type":"Person","@id":"https:\/\/www.canariasconfidencial.com\/author\/admin\/#Person","name":"Canarias Confidencial","url":"https:\/\/www.canariasconfidencial.com\/author\/admin\/","image":{"@type":"ImageObject","@id":"https:\/\/secure.gravatar.com\/avatar\/44ad1b7f51be99230dbaef835819598e?s=96&d=mm&r=g","url":"https:\/\/secure.gravatar.com\/avatar\/44ad1b7f51be99230dbaef835819598e?s=96&d=mm&r=g","height":96,"width":96}},"publisher":{"@type":"Organization","name":"Canarias Confidencial","logo":{"@type":"ImageObject","@id":"https:\/\/www.canariasconfidencial.com\/wp-content\/uploads\/2018\/07\/Canarias-Confidencial-1.png","url":"https:\/\/www.canariasconfidencial.com\/wp-content\/uploads\/2018\/07\/Canarias-Confidencial-1.png","width":600,"height":100}},"image":{"@type":"ImageObject","@id":"http:\/\/www.infonortedigital.com\/portada\/images\/noticias\/Guia2015\/Guia_2016\/coral.jpg","url":"http:\/\/www.infonortedigital.com\/portada\/images\/noticias\/Guia2015\/Guia_2016\/coral.jpg","height":"","width":""},"url":"https:\/\/www.canariasconfidencial.com\/gran-canaria\/la-iglesia-de-guia-acoge-el-primer-memorial-fernando-guerra-aguiar\/","about":["Gran Canaria"],"wordCount":34},{"@context":"https:\/\/schema.org\/","@type":"BreadcrumbList","itemListElement":[{"@type":"ListItem","position":1,"name":"Gran Canaria","item":"https:\/\/www.canariasconfidencial.com\/gran-canaria\/#breadcrumbitem"},{"@type":"ListItem","position":2,"name":"La iglesia de Gu\u00eda acoge el primer memorial Fernando Guerra Aguiar","item":"https:\/\/www.canariasconfidencial.com\/gran-canaria\/la-iglesia-de-guia-acoge-el-primer-memorial-fernando-guerra-aguiar\/#breadcrumbitem"}]}]