[{"@context":"https:\/\/schema.org\/","@type":"BlogPosting","@id":"https:\/\/www.canariasconfidencial.com\/gran-canaria\/la-musica-protagonista-de-las-noches-festivas-en-guia\/#BlogPosting","mainEntityOfPage":"https:\/\/www.canariasconfidencial.com\/gran-canaria\/la-musica-protagonista-de-las-noches-festivas-en-guia\/","headline":"La m\u00fasica protagonista de las noches festivas en Gu\u00eda","name":"La m\u00fasica protagonista de las noches festivas en Gu\u00eda","description":"Related posts:El ayuntamiento de Gu\u00eda pone en marcha el proyecto GUIEMLa Casa de la Cultura de Gu\u00eda acoge dos Charlas-Coloquio sobre la producci\u00f3n del queso artesanalIII Festival de Lenguas Extranjeras en el CEIP Juan Arencibia Sosa de La Atalaya de Gu\u00eda (V\u00eddeo y fo...","datePublished":"2017-08-10","dateModified":"2017-08-10","author":{"@type":"Person","@id":"https:\/\/www.canariasconfidencial.com\/author\/admin\/#Person","name":"Canarias Confidencial","url":"https:\/\/www.canariasconfidencial.com\/author\/admin\/","image":{"@type":"ImageObject","@id":"https:\/\/secure.gravatar.com\/avatar\/44ad1b7f51be99230dbaef835819598e?s=96&d=mm&r=g","url":"https:\/\/secure.gravatar.com\/avatar\/44ad1b7f51be99230dbaef835819598e?s=96&d=mm&r=g","height":96,"width":96}},"publisher":{"@type":"Organization","name":"Canarias Confidencial","logo":{"@type":"ImageObject","@id":"https:\/\/www.canariasconfidencial.com\/wp-content\/uploads\/2018\/07\/Canarias-Confidencial-1.png","url":"https:\/\/www.canariasconfidencial.com\/wp-content\/uploads\/2018\/07\/Canarias-Confidencial-1.png","width":600,"height":100}},"image":{"@type":"ImageObject","@id":"http:\/\/www.infonortedigital.com\/portada\/images\/noticias\/Guia2015\/Guia_2017\/SON_CACHE.jpg","url":"http:\/\/www.infonortedigital.com\/portada\/images\/noticias\/Guia2015\/Guia_2017\/SON_CACHE.jpg","height":"","width":""},"url":"https:\/\/www.canariasconfidencial.com\/gran-canaria\/la-musica-protagonista-de-las-noches-festivas-en-guia\/","about":["Gran Canaria"],"wordCount":50},{"@context":"https:\/\/schema.org\/","@type":"BreadcrumbList","itemListElement":[{"@type":"ListItem","position":1,"name":"Gran Canaria","item":"https:\/\/www.canariasconfidencial.com\/gran-canaria\/#breadcrumbitem"},{"@type":"ListItem","position":2,"name":"La m\u00fasica protagonista de las noches festivas en Gu\u00eda","item":"https:\/\/www.canariasconfidencial.com\/gran-canaria\/la-musica-protagonista-de-las-noches-festivas-en-guia\/#breadcrumbitem"}]}]