[{"@context":"https:\/\/schema.org\/","@type":"BlogPosting","@id":"https:\/\/www.canariasconfidencial.com\/gran-canaria\/la-up-de-guia-organiza-una-excursion-por-los-altos-de-guia_-galdar-y-moya\/#BlogPosting","mainEntityOfPage":"https:\/\/www.canariasconfidencial.com\/gran-canaria\/la-up-de-guia-organiza-una-excursion-por-los-altos-de-guia_-galdar-y-moya\/","headline":"La UP de Gu\u00eda organiza una excursi\u00f3n por los altos de Gu\u00eda, G\u00e1ldar y Moya","name":"La UP de Gu\u00eda organiza una excursi\u00f3n por los altos de Gu\u00eda, G\u00e1ldar y Moya","description":"Related posts:\u201cServicios en Restauraci\u00f3n\u201d el ciclo menos conocido de la familia profesional en el IES Santa Mar\u00eda ...SISI, con la fantas\u00eda \u201cAprieta Se\u00f1orita Escarlata\u201d, ganadora del I Carnaval Canino organizado por Ae...Gran Canaria dar\u00e1 la vuelta al mundo de la mano de Brad Pitt y Marion Cotillard a partir del 23 de n...","datePublished":"2017-04-24","dateModified":"2017-04-24","author":{"@type":"Person","@id":"https:\/\/www.canariasconfidencial.com\/author\/admin\/#Person","name":"Canarias Confidencial","url":"https:\/\/www.canariasconfidencial.com\/author\/admin\/","image":{"@type":"ImageObject","@id":"https:\/\/secure.gravatar.com\/avatar\/44ad1b7f51be99230dbaef835819598e?s=96&d=mm&r=g","url":"https:\/\/secure.gravatar.com\/avatar\/44ad1b7f51be99230dbaef835819598e?s=96&d=mm&r=g","height":96,"width":96}},"publisher":{"@type":"Organization","name":"Canarias Confidencial","logo":{"@type":"ImageObject","@id":"https:\/\/www.canariasconfidencial.com\/wp-content\/uploads\/2018\/07\/Canarias-Confidencial-1.png","url":"https:\/\/www.canariasconfidencial.com\/wp-content\/uploads\/2018\/07\/Canarias-Confidencial-1.png","width":600,"height":100}},"image":{"@type":"ImageObject","@id":"http:\/\/www.infonortedigital.com\/portada\/images\/noticias\/Guia\/medianias.jpg","url":"http:\/\/www.infonortedigital.com\/portada\/images\/noticias\/Guia\/medianias.jpg","height":"","width":""},"url":"https:\/\/www.canariasconfidencial.com\/gran-canaria\/la-up-de-guia-organiza-una-excursion-por-los-altos-de-guia_-galdar-y-moya\/","about":["Gran Canaria"],"wordCount":58},{"@context":"https:\/\/schema.org\/","@type":"BreadcrumbList","itemListElement":[{"@type":"ListItem","position":1,"name":"Gran Canaria","item":"https:\/\/www.canariasconfidencial.com\/gran-canaria\/#breadcrumbitem"},{"@type":"ListItem","position":2,"name":"La UP de Gu\u00eda organiza una excursi\u00f3n por los altos de Gu\u00eda, G\u00e1ldar y Moya","item":"https:\/\/www.canariasconfidencial.com\/gran-canaria\/la-up-de-guia-organiza-una-excursion-por-los-altos-de-guia_-galdar-y-moya\/#breadcrumbitem"}]}]