[{"@context":"https:\/\/schema.org\/","@type":"BlogPosting","@id":"https:\/\/www.canariasconfidencial.com\/gran-canaria\/la-vaca-de-jose-rivero-y-el-toro-de-jesus-david-santana-ganan-el-concurso-de-la-feria-de-ganado-del-cabildo-de-gran-canaria\/#BlogPosting","mainEntityOfPage":"https:\/\/www.canariasconfidencial.com\/gran-canaria\/la-vaca-de-jose-rivero-y-el-toro-de-jesus-david-santana-ganan-el-concurso-de-la-feria-de-ganado-del-cabildo-de-gran-canaria\/","headline":"La vaca de Jos\u00e9 Rivero y el toro de Jes\u00fas David Santana ganan el concurso de la Feria de Ganado del Cabildo de Gran Canaria","name":"La vaca de Jos\u00e9 Rivero y el toro de Jes\u00fas David Santana ganan el concurso de la Feria de Ganado del Cabildo de Gran Canaria","description":"En este sentido, el presidente del Cabildo de Gran Canaria, Antonio Morales, que entreg&oacute; los primeros premios, en ambos casos de Arucas, mostr&oacute; su satisfacci&oacute;n por la respuesta de la ciudadan&iacute;a al mensaje de recuperar las tradiciones y el sector primario para el desarrollo de la Isla a tenor del aluvi&oacute;n de p&uacute;blico que hac&iacute;a [&hellip;]","datePublished":"2016-05-31","dateModified":"2016-05-31","author":{"@type":"Person","@id":"https:\/\/www.canariasconfidencial.com\/author\/admin\/#Person","name":"Canarias Confidencial","url":"https:\/\/www.canariasconfidencial.com\/author\/admin\/","image":{"@type":"ImageObject","@id":"https:\/\/secure.gravatar.com\/avatar\/44ad1b7f51be99230dbaef835819598e?s=96&d=mm&r=g","url":"https:\/\/secure.gravatar.com\/avatar\/44ad1b7f51be99230dbaef835819598e?s=96&d=mm&r=g","height":96,"width":96}},"publisher":{"@type":"Organization","name":"Canarias Confidencial","logo":{"@type":"ImageObject","@id":"https:\/\/www.canariasconfidencial.com\/wp-content\/uploads\/2018\/07\/Canarias-Confidencial-1.png","url":"https:\/\/www.canariasconfidencial.com\/wp-content\/uploads\/2018\/07\/Canarias-Confidencial-1.png","width":600,"height":100}},"image":{"@type":"ImageObject","@id":"http:\/\/www.ucarecdn.com\/0ba46afc-0bb3-4229-8736-d2d24dfe589b\/-\/preview\/","url":"http:\/\/www.ucarecdn.com\/0ba46afc-0bb3-4229-8736-d2d24dfe589b\/-\/preview\/","height":"","width":""},"url":"https:\/\/www.canariasconfidencial.com\/gran-canaria\/la-vaca-de-jose-rivero-y-el-toro-de-jesus-david-santana-ganan-el-concurso-de-la-feria-de-ganado-del-cabildo-de-gran-canaria\/","about":["Gran Canaria"],"wordCount":2196},{"@context":"https:\/\/schema.org\/","@type":"BreadcrumbList","itemListElement":[{"@type":"ListItem","position":1,"name":"Gran Canaria","item":"https:\/\/www.canariasconfidencial.com\/gran-canaria\/#breadcrumbitem"},{"@type":"ListItem","position":2,"name":"La vaca de Jos\u00e9 Rivero y el toro de Jes\u00fas David Santana ganan el concurso de la Feria de Ganado del Cabildo de Gran Canaria","item":"https:\/\/www.canariasconfidencial.com\/gran-canaria\/la-vaca-de-jose-rivero-y-el-toro-de-jesus-david-santana-ganan-el-concurso-de-la-feria-de-ganado-del-cabildo-de-gran-canaria\/#breadcrumbitem"}]}]